{"id":1,"date":"2023-03-26T01:23:59","date_gmt":"2023-03-25T22:23:59","guid":{"rendered":"https:\/\/blog.teknevia.com\/?p=1"},"modified":"2024-07-04T21:35:26","modified_gmt":"2024-07-04T18:35:26","slug":"fethiye-oludeniz-rehberi","status":"publish","type":"post","link":"https:\/\/www.teknevia.com\/blog\/fethiye-oludeniz-rehberi","title":{"rendered":"Fethiye \u00d6l\u00fcdeniz Rehberi"},"content":{"rendered":"\r\n<div class=\"group w-full text-gray-800 dark:text-gray-100 border-b border-black\/10 dark:border-gray-900\/50 bg-gray-50 dark:bg-[#444654]\">\r\n<div class=\"text-base gap-4 md:gap-6 md:max-w-2xl lg:max-w-2xl xl:max-w-3xl p-4 md:py-6 flex lg:px-0 m-auto\">\r\n<div class=\"relative flex w-[calc(100%-50px)] flex-col gap-1 md:gap-3 lg:w-[calc(100%-115px)]\">\r\n<div class=\"flex flex-grow flex-col gap-3\">\r\n<div class=\"min-h-[20px] flex flex-col items-start gap-4 whitespace-pre-wrap\">\r\n<div class=\"markdown prose w-full break-words dark:prose-invert dark\">\r\n<p>Fethiye&#8217;nin g\u00f6z al\u0131c\u0131 g\u00fczelliklerinden biri olan \u00d6l\u00fcdeniz, T\u00fcrkiye&#8217;nin en \u00fcnl\u00fc turistik yerlerinden biri ve d\u00fcnya genelindeki bir\u00e7ok seyahat tutkununun hayallerini s\u00fcsleyen bir yer. Masmavi sular\u0131, beyaz kumlu plajlar\u0131 ve etraf\u0131n\u0131 saran nefes kesici da\u011f manzaras\u0131 ile \u00d6l\u00fcdeniz, yery\u00fcz\u00fcndeki cennetlere en yak\u0131n yerlerden biri olarak kabul ediliyor. Bu muhte\u015fem do\u011fa harikas\u0131, sadece g\u00fczelli\u011fi ile de\u011fil ayn\u0131 zamanda \u00e7e\u015fitli aktiviteleri ve canl\u0131 gece hayat\u0131yla da ziyaret\u00e7ilerine unutulmaz bir tatil deneyimi sunuyor.<\/p><div id=\"ez-toc-container\" class=\"ez-toc-v2_0_68_1 counter-hierarchy ez-toc-counter ez-toc-grey ez-toc-container-direction\">\n<div class=\"ez-toc-title-container\">\n<p class=\"ez-toc-title \" >\u0130&ccedil;indekiler<\/p>\n<span class=\"ez-toc-title-toggle\"><a href=\"#\" class=\"ez-toc-pull-right ez-toc-btn ez-toc-btn-xs ez-toc-btn-default ez-toc-toggle\" aria-label=\"Toggle Table of Content\"><span class=\"ez-toc-js-icon-con\"><span class=\"\"><span class=\"eztoc-hide\" style=\"display:none;\">Toggle<\/span><span class=\"ez-toc-icon-toggle-span\"><svg style=\"fill: #999;color:#999\" xmlns=\"http:\/\/www.w3.org\/2000\/svg\" class=\"list-377408\" width=\"20px\" height=\"20px\" viewBox=\"0 0 24 24\" fill=\"none\"><path d=\"M6 6H4v2h2V6zm14 0H8v2h12V6zM4 11h2v2H4v-2zm16 0H8v2h12v-2zM4 16h2v2H4v-2zm16 0H8v2h12v-2z\" fill=\"currentColor\"><\/path><\/svg><svg style=\"fill: #999;color:#999\" class=\"arrow-unsorted-368013\" xmlns=\"http:\/\/www.w3.org\/2000\/svg\" width=\"10px\" height=\"10px\" viewBox=\"0 0 24 24\" version=\"1.2\" baseProfile=\"tiny\"><path d=\"M18.2 9.3l-6.2-6.3-6.2 6.3c-.2.2-.3.4-.3.7s.1.5.3.7c.2.2.4.3.7.3h11c.3 0 .5-.1.7-.3.2-.2.3-.5.3-.7s-.1-.5-.3-.7zM5.8 14.7l6.2 6.3 6.2-6.3c.2-.2.3-.5.3-.7s-.1-.5-.3-.7c-.2-.2-.4-.3-.7-.3h-11c-.3 0-.5.1-.7.3-.2.2-.3.5-.3.7s.1.5.3.7z\"\/><\/svg><\/span><\/span><\/span><\/a><\/span><\/div>\n<nav><ul class='ez-toc-list ez-toc-list-level-1 ' ><li class='ez-toc-page-1 ez-toc-heading-level-2'><a class=\"ez-toc-link ez-toc-heading-1\" href=\"https:\/\/www.teknevia.com\/blog\/fethiye-oludeniz-rehberi\/#Oludeniz_Nerededir\" title=\"\u00d6l\u00fcdeniz Nerededir?\">\u00d6l\u00fcdeniz Nerededir?<\/a><\/li><li class='ez-toc-page-1 ez-toc-heading-level-2'><a class=\"ez-toc-link ez-toc-heading-2\" href=\"https:\/\/www.teknevia.com\/blog\/fethiye-oludeniz-rehberi\/#Oludeniz_Ismi_Nereden_Gelir\" title=\"\u00d6l\u00fcdeniz \u0130smi Nereden Gelir?\">\u00d6l\u00fcdeniz \u0130smi Nereden Gelir?<\/a><\/li><li class='ez-toc-page-1 ez-toc-heading-level-2'><a class=\"ez-toc-link ez-toc-heading-3\" href=\"https:\/\/www.teknevia.com\/blog\/fethiye-oludeniz-rehberi\/#Oludeniz_Plaji_ve_Denizi_Nasildir\" title=\"\u00d6l\u00fcdeniz Plaj\u0131 ve Denizi Nas\u0131ld\u0131r?\">\u00d6l\u00fcdeniz Plaj\u0131 ve Denizi Nas\u0131ld\u0131r?<\/a><ul class='ez-toc-list-level-3' ><li class='ez-toc-heading-level-3'><a class=\"ez-toc-link ez-toc-heading-4\" href=\"https:\/\/www.teknevia.com\/blog\/fethiye-oludeniz-rehberi\/#Oludeniz_Plaj_Giris_Ucretleri_Nasildir\" title=\"\u00d6l\u00fcdeniz Plaj Giri\u015f \u00dccretleri Nas\u0131ld\u0131r?\">\u00d6l\u00fcdeniz Plaj Giri\u015f \u00dccretleri Nas\u0131ld\u0131r?<\/a><\/li><\/ul><\/li><li class='ez-toc-page-1 ez-toc-heading-level-2'><a class=\"ez-toc-link ez-toc-heading-5\" href=\"https:\/\/www.teknevia.com\/blog\/fethiye-oludeniz-rehberi\/#Fethiye_Oludenizde_Gezilecek_Yerler_Nelerdir\" title=\"Fethiye \u00d6l\u00fcdeniz\u2019de Gezilecek Yerler Nelerdir?\">Fethiye \u00d6l\u00fcdeniz\u2019de Gezilecek Yerler Nelerdir?<\/a><ul class='ez-toc-list-level-3' ><li class='ez-toc-heading-level-3'><a class=\"ez-toc-link ez-toc-heading-6\" href=\"https:\/\/www.teknevia.com\/blog\/fethiye-oludeniz-rehberi\/#Kidrak_Koyu\" title=\"K\u0131drak Koyu\">K\u0131drak Koyu<\/a><\/li><li class='ez-toc-page-1 ez-toc-heading-level-3'><a class=\"ez-toc-link ez-toc-heading-7\" href=\"https:\/\/www.teknevia.com\/blog\/fethiye-oludeniz-rehberi\/#Oludeniz_Tabiat_Parki\" title=\"\u00d6l\u00fcdeniz Tabiat Park\u0131\">\u00d6l\u00fcdeniz Tabiat Park\u0131<\/a><\/li><li class='ez-toc-page-1 ez-toc-heading-level-3'><a class=\"ez-toc-link ez-toc-heading-8\" href=\"https:\/\/www.teknevia.com\/blog\/fethiye-oludeniz-rehberi\/#Kelebekler_Vadisi\" title=\"Kelebekler Vadisi\">Kelebekler Vadisi<\/a><\/li><li class='ez-toc-page-1 ez-toc-heading-level-3'><a class=\"ez-toc-link ez-toc-heading-9\" href=\"https:\/\/www.teknevia.com\/blog\/fethiye-oludeniz-rehberi\/#Babadag\" title=\"Babada\u011f\">Babada\u011f<\/a><\/li><li class='ez-toc-page-1 ez-toc-heading-level-3'><a class=\"ez-toc-link ez-toc-heading-10\" href=\"https:\/\/www.teknevia.com\/blog\/fethiye-oludeniz-rehberi\/#Belceksiz_Plaji\" title=\"Belceks\u0131z Plaj\u0131\">Belceks\u0131z Plaj\u0131<\/a><\/li><li class='ez-toc-page-1 ez-toc-heading-level-3'><a class=\"ez-toc-link ez-toc-heading-11\" href=\"https:\/\/www.teknevia.com\/blog\/fethiye-oludeniz-rehberi\/#Likya_Yolu\" title=\"Likya Yolu\">Likya Yolu<\/a><\/li><\/ul><\/li><li class='ez-toc-page-1 ez-toc-heading-level-2'><a class=\"ez-toc-link ez-toc-heading-12\" href=\"https:\/\/www.teknevia.com\/blog\/fethiye-oludeniz-rehberi\/#Oludenizde_Yapilacak_Aktiviteler_Nelerdir\" title=\"\u00d6l\u00fcdeniz\u2019de Yap\u0131lacak Aktiviteler Nelerdir?\">\u00d6l\u00fcdeniz\u2019de Yap\u0131lacak Aktiviteler Nelerdir?<\/a><ul class='ez-toc-list-level-3' ><li class='ez-toc-heading-level-3'><a class=\"ez-toc-link ez-toc-heading-13\" href=\"https:\/\/www.teknevia.com\/blog\/fethiye-oludeniz-rehberi\/#Oludeniz_Yamac_Parasutu\" title=\"\u00d6l\u00fcdeniz Yama\u00e7 Para\u015f\u00fct\u00fc\">\u00d6l\u00fcdeniz Yama\u00e7 Para\u015f\u00fct\u00fc<\/a><\/li><li class='ez-toc-page-1 ez-toc-heading-level-3'><a class=\"ez-toc-link ez-toc-heading-14\" href=\"https:\/\/www.teknevia.com\/blog\/fethiye-oludeniz-rehberi\/#Oludeniz_Tekne_Turlari\" title=\"\u00d6l\u00fcdeniz Tekne Turlar\u0131\">\u00d6l\u00fcdeniz Tekne Turlar\u0131<\/a><ul class='ez-toc-list-level-4' ><li class='ez-toc-heading-level-4'><a class=\"ez-toc-link ez-toc-heading-15\" href=\"https:\/\/www.teknevia.com\/blog\/fethiye-oludeniz-rehberi\/#Fethiye_Oludenizdeki_En_Guzel_Koylar_Hangileridir\" title=\"Fethiye \u00d6l\u00fcdeniz&#8217;deki En G\u00fczel Koylar Hangileridir?\">Fethiye \u00d6l\u00fcdeniz&#8217;deki En G\u00fczel Koylar Hangileridir?<\/a><\/li><li class='ez-toc-page-1 ez-toc-heading-level-4'><a class=\"ez-toc-link ez-toc-heading-16\" href=\"https:\/\/www.teknevia.com\/blog\/fethiye-oludeniz-rehberi\/#Mavi_Magara\" title=\"Mavi Ma\u011fara\">Mavi Ma\u011fara<\/a><\/li><li class='ez-toc-page-1 ez-toc-heading-level-4'><a class=\"ez-toc-link ez-toc-heading-17\" href=\"https:\/\/www.teknevia.com\/blog\/fethiye-oludeniz-rehberi\/#Kelebekler_Vadisi-2\" title=\"Kelebekler Vadisi\">Kelebekler Vadisi<\/a><\/li><li class='ez-toc-page-1 ez-toc-heading-level-4'><a class=\"ez-toc-link ez-toc-heading-18\" href=\"https:\/\/www.teknevia.com\/blog\/fethiye-oludeniz-rehberi\/#Nicolas_Adasi\" title=\"Nicolas Adas\u0131\">Nicolas Adas\u0131<\/a><\/li><li class='ez-toc-page-1 ez-toc-heading-level-4'><a class=\"ez-toc-link ez-toc-heading-19\" href=\"https:\/\/www.teknevia.com\/blog\/fethiye-oludeniz-rehberi\/#Akvaryum_Koyu\" title=\"Akvaryum Koyu\">Akvaryum Koyu<\/a><\/li><li class='ez-toc-page-1 ez-toc-heading-level-4'><a class=\"ez-toc-link ez-toc-heading-20\" href=\"https:\/\/www.teknevia.com\/blog\/fethiye-oludeniz-rehberi\/#Soguk_Su_Koyu\" title=\"So\u011fuk Su Koyu\">So\u011fuk Su Koyu<\/a><\/li><li class='ez-toc-page-1 ez-toc-heading-level-4'><a class=\"ez-toc-link ez-toc-heading-21\" href=\"https:\/\/www.teknevia.com\/blog\/fethiye-oludeniz-rehberi\/#Deve_Plaji\" title=\"Deve Plaj\u0131\">Deve Plaj\u0131<\/a><\/li><\/ul><\/li><li class='ez-toc-page-1 ez-toc-heading-level-3'><a class=\"ez-toc-link ez-toc-heading-22\" href=\"https:\/\/www.teknevia.com\/blog\/fethiye-oludeniz-rehberi\/#Oludeniz_Tarihi_Yerler_Hangileridir\" title=\"\u00d6l\u00fcdeniz Tarihi Yerler Hangileridir?\">\u00d6l\u00fcdeniz Tarihi Yerler Hangileridir?<\/a><ul class='ez-toc-list-level-4' ><li class='ez-toc-heading-level-4'><a class=\"ez-toc-link ez-toc-heading-23\" href=\"https:\/\/www.teknevia.com\/blog\/fethiye-oludeniz-rehberi\/#Kayakoy\" title=\"Kayak\u00f6y\">Kayak\u00f6y<\/a><\/li><li class='ez-toc-page-1 ez-toc-heading-level-4'><a class=\"ez-toc-link ez-toc-heading-24\" href=\"https:\/\/www.teknevia.com\/blog\/fethiye-oludeniz-rehberi\/#Gemile_Koyu\" title=\"Gemile Koyu\">Gemile Koyu<\/a><\/li><li class='ez-toc-page-1 ez-toc-heading-level-4'><a class=\"ez-toc-link ez-toc-heading-25\" href=\"https:\/\/www.teknevia.com\/blog\/fethiye-oludeniz-rehberi\/#Sovalye_Adasi\" title=\"\u015e\u00f6valye Adas\u0131\">\u015e\u00f6valye Adas\u0131<\/a><\/li><li class='ez-toc-page-1 ez-toc-heading-level-4'><a class=\"ez-toc-link ez-toc-heading-26\" href=\"https:\/\/www.teknevia.com\/blog\/fethiye-oludeniz-rehberi\/#Fethiye_Kalesi\" title=\"Fethiye Kalesi\">Fethiye Kalesi<\/a><\/li><li class='ez-toc-page-1 ez-toc-heading-level-4'><a class=\"ez-toc-link ez-toc-heading-27\" href=\"https:\/\/www.teknevia.com\/blog\/fethiye-oludeniz-rehberi\/#Likya_Yolu-2\" title=\"Likya Yolu\">Likya Yolu<\/a><\/li><\/ul><\/li><li class='ez-toc-page-1 ez-toc-heading-level-3'><a class=\"ez-toc-link ez-toc-heading-28\" href=\"https:\/\/www.teknevia.com\/blog\/fethiye-oludeniz-rehberi\/#Hisaronu_Mahallesi\" title=\"Hisar\u00f6n\u00fc Mahallesi\">Hisar\u00f6n\u00fc Mahallesi<\/a><\/li><\/ul><\/li><li class='ez-toc-page-1 ez-toc-heading-level-2'><a class=\"ez-toc-link ez-toc-heading-29\" href=\"https:\/\/www.teknevia.com\/blog\/fethiye-oludeniz-rehberi\/#Oludenize_Nasil_Gidilir\" title=\"\u00d6l\u00fcdeniz\u2019e Nas\u0131l Gidilir?\">\u00d6l\u00fcdeniz\u2019e Nas\u0131l Gidilir?<\/a><\/li><li class='ez-toc-page-1 ez-toc-heading-level-2'><a class=\"ez-toc-link ez-toc-heading-30\" href=\"https:\/\/www.teknevia.com\/blog\/fethiye-oludeniz-rehberi\/#Oludeniz_Kamp_Alanlari_Hangileridir\" title=\"\u00d6l\u00fcdeniz Kamp Alanlar\u0131 Hangileridir?\">\u00d6l\u00fcdeniz Kamp Alanlar\u0131 Hangileridir?<\/a><ul class='ez-toc-list-level-3' ><li class='ez-toc-heading-level-3'><a class=\"ez-toc-link ez-toc-heading-31\" href=\"https:\/\/www.teknevia.com\/blog\/fethiye-oludeniz-rehberi\/#Oludeniz_Aydede_Camping\" title=\"\u00d6l\u00fcdeniz Aydede Camping\">\u00d6l\u00fcdeniz Aydede Camping<\/a><\/li><li class='ez-toc-page-1 ez-toc-heading-level-3'><a class=\"ez-toc-link ez-toc-heading-32\" href=\"https:\/\/www.teknevia.com\/blog\/fethiye-oludeniz-rehberi\/#Darbogaz_Koyu_Kamp_Alan\" title=\"Darbo\u011faz Koyu Kamp Alan\">Darbo\u011faz Koyu Kamp Alan<\/a><\/li><li class='ez-toc-page-1 ez-toc-heading-level-3'><a class=\"ez-toc-link ez-toc-heading-33\" href=\"https:\/\/www.teknevia.com\/blog\/fethiye-oludeniz-rehberi\/#Doga_Kamp_Oludeniz\" title=\"Do\u011fa Kamp \u00d6l\u00fcdeniz\">Do\u011fa Kamp \u00d6l\u00fcdeniz<\/a><\/li><li class='ez-toc-page-1 ez-toc-heading-level-3'><a class=\"ez-toc-link ez-toc-heading-34\" href=\"https:\/\/www.teknevia.com\/blog\/fethiye-oludeniz-rehberi\/#Kidrak_Camping_Namaste\" title=\"K\u0131drak Camping Namaste\">K\u0131drak Camping Namaste<\/a><\/li><\/ul><\/li><\/ul><\/nav><\/div>\n\r\n<\/div>\r\n<\/div>\r\n<\/div>\r\n<\/div>\r\n<\/div>\r\n<\/div>\r\n<h2><span class=\"ez-toc-section\" id=\"Oludeniz_Nerededir\"><\/span><strong>\u00d6l\u00fcdeniz Nerededir?<\/strong><span class=\"ez-toc-section-end\"><\/span><\/h2>\r\n<p>Y\u00fcksek duvarlarla \u00e7evrili ve zindana d\u00f6n\u00fc\u015fm\u00fc\u015f \u015fehirden ka\u00e7mak isteyenlerin g\u00f6zde mekanlar\u0131ndan biri olan \u00d6l\u00fcdeniz, T\u00fcrkiye&#8217;nin en b\u00fcy\u00fcleyici g\u00fczelliklerinden biridir. Bu g\u00fczel yer Mu\u011fla \u0130li, T\u00fcrkiye <a href=\"https:\/\/www.teknevia.com\/blog\/turkiye\/mugla\/fethiye\/\">Fethiye<\/a> \u0130l\u00e7esi&#8217;nde bulunmaktad\u0131r. Z\u00fcmr\u00fct ye\u015fili ve turkuaz mavisi atmosferi ile g\u00f6renleri b\u00fcy\u00fclemektedir. \u00d6l\u00fcdeniz her d\u00f6nemde farkl\u0131 isimlerle ba\u015ftan sona \u00e7e\u015fitli uygarl\u0131klara ev sahipli\u011fi yapm\u0131\u015ft\u0131r. \u00d6l\u00fcdeniz, Likya d\u00f6neminde G\u00fcne\u015f \u00dclkesi, Orta \u00c7a\u011f&#8217;da ise S\u0131n\u0131r Topraklar\u0131 olarak biliniyordu.<\/p>\r\n<figure id=\"attachment_280\" aria-describedby=\"caption-attachment-280\" style=\"width: 600px\" class=\"wp-caption aligncenter\"><img decoding=\"async\" class=\"size-full wp-image-280\" src=\"https:\/\/www.teknevia.com\/blog\/wp-content\/uploads\/2022\/12\/resim_2023-03-26_191331403.png\" alt=\"\u00d6l\u00fcdeniz Konumu ve Haritas\u0131\" width=\"600\" height=\"350\" srcset=\"https:\/\/www.teknevia.com\/blog\/wp-content\/uploads\/2022\/12\/resim_2023-03-26_191331403.png 600w, https:\/\/www.teknevia.com\/blog\/wp-content\/uploads\/2022\/12\/resim_2023-03-26_191331403-300x175.png 300w, https:\/\/www.teknevia.com\/blog\/wp-content\/uploads\/2022\/12\/resim_2023-03-26_191331403-150x88.png 150w\" sizes=\"(max-width: 600px) 100vw, 600px\" \/><figcaption id=\"caption-attachment-280\" class=\"wp-caption-text\">\u00d6l\u00fcdeniz Konumu ve Haritas\u0131<\/figcaption><\/figure>\r\n<h2><span class=\"ez-toc-section\" id=\"Oludeniz_Ismi_Nereden_Gelir\"><\/span><strong>\u00d6l\u00fcdeniz \u0130smi Nereden Gelir?<\/strong><span class=\"ez-toc-section-end\"><\/span><\/h2>\r\n<p>Fethiye&#8217;den \u00d6l\u00fcdeniz&#8217;e uzanan yol, yakla\u015f\u0131k 14 km boyunca \u00e7amlarla kapl\u0131d\u0131r. Ancak yolun sonunda kar\u015f\u0131n\u0131za bakmaya doyamayaca\u011f\u0131n\u0131z mavi bir g\u00f6r\u00fcnt\u00fc \u00e7\u0131kar. Bu koyun ad\u0131 Belcek\u0131z Koyudur. Koyun i\u00e7inden s\u0131cak kumlar\u0131n \u00fczerinde y\u00fcr\u00fcd\u00fc\u011f\u00fcn\u00fczde, e\u015fi benzeri olmayan \u00d6l\u00fcdeniz&#8217;i g\u00f6zle g\u00f6rebilirsiniz. \u00d6l\u00fcdeniz, \u00f6yle b\u00fcy\u00fcl\u00fc bir yerdirki bunu denizin sakinli\u011finden anlayabilirsiniz. Denizin dibinde yosuna dair hi\u00e7bir \u015fey yoktur ve dibi beyaz kumla kapl\u0131d\u0131r. Su ve kumun \u0131\u015f\u0131\u011f\u0131 k\u0131rmas\u0131ndan kaynakalan do\u011fal bir g\u00f6r\u00fcnt\u00fc ortaya \u00e7\u0131kar ve denize turkuaz rengini verir. \u00c7amlar\u0131n g\u00f6lgesi suya d\u00fc\u015ft\u00fc\u011f\u00fc zaman, turkuaz rengini daha g\u00f6z al\u0131c\u0131 bir \u015fekilde g\u00f6rebilirsiniz. Belcek\u0131z ad\u0131 da bir efsaneye dayanmaktad\u0131r. Eskiden buralarda seyir yapmakta olan gemiler, koyun a\u00e7\u0131klar\u0131na demir atarlar ve i\u00e7me suyu i\u00e7in k\u0131y\u0131ya sandallarla inerlermi\u015f. Bir g\u00fcn, ya\u015f\u0131n\u0131 alm\u0131\u015f bir kaptan\u0131n gen\u00e7 ve yak\u0131\u015f\u0131kl\u0131 o\u011flu karadan su almak i\u00e7in koya vard\u0131\u011f\u0131nda, g\u00fczel Belcek\u0131z&#8217;\u0131 g\u00f6r\u00fcr ve o anda etkilenir.<\/p>\r\n<p>K\u0131z\u0131n da bu gen\u00e7 o\u011flandan etkilenir elbette. Ancak gen\u00e7 adam\u0131n g\u00f6revi, suyu al\u0131p gemiye geri d\u00f6nmektir. Gemi karadan uzakla\u015f\u0131rken, Belcek\u0131z k\u0131y\u0131da, gen\u00e7 adam\u0131 beklemeye ba\u015flar. Gen\u00e7 adam da geminin koydan her ge\u00e7i\u015finde su almaya gelir ve sadece bu \u015fekilde birbirleriyle g\u00f6r\u00fc\u015f\u00fcp sevgi dolu anlar ya\u015fayabilirler<\/p>\r\n<p>Bir g\u00fcn gemi bu sularda seyrederken feci bir f\u0131rt\u0131na \u00e7\u0131kar. Gen\u00e7 adam, babas\u0131na burada s\u0131\u011f\u0131nabilece\u011fimiz bir koy oldu\u011funu s\u00f6yler. Ancak ya\u015fl\u0131 denizci, o\u011flunun g\u00f6n\u00fcl maceras\u0131n\u0131 bildi\u011finden dolay\u0131 kendi i\u00e7in oraya gitmek istedi\u011fini d\u00fc\u015f\u00fcn\u00fcr.<\/p>\r\n<p>F\u0131rt\u0131nan\u0131n \u015fiddetiyle birlikte baba ve o\u011ful aras\u0131ndaki hararetli tart\u0131\u015fma da \u015fiddetlenir.\u00a0 Gemi kayal\u0131klara \u00e7arpaca\u011f\u0131 s\u0131rada kaptan o\u011flunu denize iter ve d\u00fcmene ge\u00e7er. Zorda olsa durumu kontrol alt\u0131na al\u0131r fakat o\u011flu o arbedede denize d\u00fc\u015fm\u00fc\u015ft\u00fcr. Karada seviglisini bekleyen Belcek\u0131z\u2019da intihar eder. O g\u00fcnden bu yana k\u0131z\u0131n \u00f6ld\u00fc\u011f\u00fc yerin ismi Belcek\u0131z, o\u011flan\u0131n \u00f6ld\u00fc\u011f\u00fc yerin ismi \u00d6l\u00fcdenizdir.<\/p>\r\n<figure id=\"attachment_281\" aria-describedby=\"caption-attachment-281\" style=\"width: 1200px\" class=\"wp-caption aligncenter\"><img decoding=\"async\" class=\"size-full wp-image-281\" src=\"https:\/\/www.teknevia.com\/blog\/wp-content\/uploads\/2022\/12\/resim_2023-03-26_191414927.png\" alt=\"\u00d6l\u00fcdeniz Plaj\u0131 ve Denizi Nas\u0131l?\" width=\"1200\" height=\"800\" srcset=\"https:\/\/www.teknevia.com\/blog\/wp-content\/uploads\/2022\/12\/resim_2023-03-26_191414927.png 1200w, https:\/\/www.teknevia.com\/blog\/wp-content\/uploads\/2022\/12\/resim_2023-03-26_191414927-300x200.png 300w, https:\/\/www.teknevia.com\/blog\/wp-content\/uploads\/2022\/12\/resim_2023-03-26_191414927-1024x683.png 1024w, https:\/\/www.teknevia.com\/blog\/wp-content\/uploads\/2022\/12\/resim_2023-03-26_191414927-768x512.png 768w, https:\/\/www.teknevia.com\/blog\/wp-content\/uploads\/2022\/12\/resim_2023-03-26_191414927-150x100.png 150w, https:\/\/www.teknevia.com\/blog\/wp-content\/uploads\/2022\/12\/resim_2023-03-26_191414927-696x464.png 696w, https:\/\/www.teknevia.com\/blog\/wp-content\/uploads\/2022\/12\/resim_2023-03-26_191414927-1068x712.png 1068w\" sizes=\"(max-width: 1200px) 100vw, 1200px\" \/><figcaption id=\"caption-attachment-281\" class=\"wp-caption-text\">\u00d6l\u00fcdeniz Plaj\u0131 ve Denizi Nas\u0131l?<\/figcaption><\/figure>\r\n<h2><span class=\"ez-toc-section\" id=\"Oludeniz_Plaji_ve_Denizi_Nasildir\"><\/span><strong>\u00d6l\u00fcdeniz Plaj\u0131 ve Denizi Nas\u0131ld\u0131r?<\/strong><span class=\"ez-toc-section-end\"><\/span><\/h2>\r\n<p>\u00d6l\u00fcdeniz Plaj\u0131 yani Belcek\u0131z Plaj\u0131, \u00d6l\u00fcdeniz\u2019in en sosyal yerlerinden biridir. Yakla\u015f\u0131k 3 kilometre uzunlu\u011funda olan bu yer halk plaj\u0131 oldu\u011fu i\u00e7in giri\u015fler \u00fccretsizdir. Denizi muazzam g\u00fczellikte olmas\u0131na ra\u011fmen derin ve dalgal\u0131 bir yap\u0131ya sahiptir. \u015eezlong veya \u015femsiye ihtiyac\u0131n\u0131z\u0131 temin edebilece\u011finiz yerler var ama isterseniz kendinizde bu e\u015fyalar\u0131 getirebilirsiniz. Plajda kafe restoran ve \u00e7e\u015fitli i\u015fletmeler de bulunmaktad\u0131r. E\u011fer ki plaja erken saatlerde giderseniz daha keyifli bir vakit ge\u00e7irece\u011finizden \u015f\u00fcpheniz olmas\u0131n. Ayr\u0131ca bu koyu yama\u00e7 para\u015f\u00fct\u00e7\u00fclerinin de kulland\u0131\u011f\u0131n\u0131 belirtmekte fayda var. Bu durum koyda farkl\u0131 bir g\u00f6r\u00fcnt\u00fc yakalaman\u0131z\u0131 sa\u011flayabilir.\u00a0<\/p>\r\n<h3><span class=\"ez-toc-section\" id=\"Oludeniz_Plaj_Giris_Ucretleri_Nasildir\"><\/span><strong>\u00d6l\u00fcdeniz Plaj Giri\u015f \u00dccretleri Nas\u0131ld\u0131r?<\/strong><span class=\"ez-toc-section-end\"><\/span><\/h3>\r\n<p>\u0130nce bir kum yap\u0131s\u0131na sahip olan ve g\u00fcne\u015f \u0131\u015f\u0131\u011f\u0131yla birlikte par\u0131l par\u0131l parlayan \u00d6l\u00fcdeniz Plaj\u0131nda su bisikleti aktivitesi \u00e7ok \u00fcnl\u00fcd\u00fcr. E\u015fsiz renklerden biri olan turkuaz rengi ile parlayan deniziyle yazlar\u0131 dolup ta\u015fan bir koy haline gelmi\u015ftir. Plaja giri\u015f \u00fccreti 10 TL ve \u015fezlong fiyatlar\u0131 ise ortalama 30 TL civar\u0131ndad\u0131r.<\/p>\r\n<h2><span class=\"ez-toc-section\" id=\"Fethiye_Oludenizde_Gezilecek_Yerler_Nelerdir\"><\/span><strong>Fethiye \u00d6l\u00fcdeniz\u2019de Gezilecek Yerler Nelerdir?<\/strong><span class=\"ez-toc-section-end\"><\/span><\/h2>\r\n<p>Bu k\u0131s\u0131mda Fethiye ve \u00d6l\u00fcdeniz b\u00f6lgesinde gezilecek en g\u00fczel yerleri sizlerle payla\u015faca\u011f\u0131z.<\/p>\r\n<figure id=\"attachment_285\" aria-describedby=\"caption-attachment-285\" style=\"width: 1920px\" class=\"wp-caption aligncenter\"><img decoding=\"async\" class=\"size-full wp-image-285\" src=\"https:\/\/www.teknevia.com\/blog\/wp-content\/uploads\/2022\/12\/resim_2023-03-26_192659135.png\" alt=\"Fethiye \u00d6l\u00fcdeniz Gezilecek Yerler\" width=\"1920\" height=\"1139\" srcset=\"https:\/\/www.teknevia.com\/blog\/wp-content\/uploads\/2022\/12\/resim_2023-03-26_192659135.png 1920w, https:\/\/www.teknevia.com\/blog\/wp-content\/uploads\/2022\/12\/resim_2023-03-26_192659135-300x178.png 300w, https:\/\/www.teknevia.com\/blog\/wp-content\/uploads\/2022\/12\/resim_2023-03-26_192659135-1024x607.png 1024w, https:\/\/www.teknevia.com\/blog\/wp-content\/uploads\/2022\/12\/resim_2023-03-26_192659135-768x456.png 768w, https:\/\/www.teknevia.com\/blog\/wp-content\/uploads\/2022\/12\/resim_2023-03-26_192659135-1536x911.png 1536w, https:\/\/www.teknevia.com\/blog\/wp-content\/uploads\/2022\/12\/resim_2023-03-26_192659135-150x89.png 150w, https:\/\/www.teknevia.com\/blog\/wp-content\/uploads\/2022\/12\/resim_2023-03-26_192659135-696x413.png 696w, https:\/\/www.teknevia.com\/blog\/wp-content\/uploads\/2022\/12\/resim_2023-03-26_192659135-1068x634.png 1068w\" sizes=\"(max-width: 1920px) 100vw, 1920px\" \/><figcaption id=\"caption-attachment-285\" class=\"wp-caption-text\">Fethiye \u00d6l\u00fcdeniz Gezilecek Yerler<\/figcaption><\/figure>\r\n<h3><span class=\"ez-toc-section\" id=\"Kidrak_Koyu\"><\/span><strong>K\u0131drak Koyu<\/strong><span class=\"ez-toc-section-end\"><\/span><\/h3>\r\n<p>Bodrum\u2019un en e\u015fsiz koylar\u0131ndan bir tanesidir. Sular\u0131 dalgal\u0131 ve \u0131l\u0131k olan koy; sahip oldu\u011fu bu birbirinden harika do\u011fal g\u00fczellikleri ile misafirlerinin sakin ve huzurlu bir tatil ge\u00e7irmelerini sa\u011fl\u0131yor. \u00d6zellikle kafa dinlemek amac\u0131 ile Bodrum\u2019u tercih eden ki\u015filerin bu koya mutlaka u\u011framas\u0131 gerekiyor. Manzaras\u0131n\u0131n harikuladeli\u011fi ve muhte\u015fem denizi ile adeta b\u00fcy\u00fcleyici bir g\u00fczelli\u011fe sahiptir.<\/p>\r\n<p>Sahilde ihtiya\u00e7lar\u0131n\u0131z\u0131 kar\u015f\u0131lamak i\u00e7in b\u00fcfe, restoran, piknik masalar\u0131, du\u015flar ve tuvaletler bulunmaktad\u0131r. Plaja isterseniz kendi \u015fezlong ve \u015femsiyelerinizi getirebilir veya plajda belli bir \u00fccret kar\u015f\u0131l\u0131\u011f\u0131nda bunlar\u0131 kiralayabilirsiniz. Giri\u015f \u00fccreti 30 TL ve \u015fezlong ile \u015femsiye beraber 60 TLdir.<\/p>\r\n<h3><span class=\"ez-toc-section\" id=\"Oludeniz_Tabiat_Parki\"><\/span><strong>\u00d6l\u00fcdeniz Tabiat Park\u0131<\/strong><span class=\"ez-toc-section-end\"><\/span><\/h3>\r\n<p>Fethiye il\u00e7esindeki \u00d6l\u00fcdeniz Tabiat Park\u0131, 1978 y\u0131l\u0131nda sadece ormanda g\u00fcnl\u00fck rahatlama i\u00e7in bir yer olarak geli\u015ftirilmi\u015ftir. 950 hektarl\u0131k bir alana yay\u0131lan parkta 300 ara\u00e7l\u0131k otopark bulunuyor ve yaz aylar\u0131nda g\u00fcnde 5000 ki\u015fiye kadar misafir a\u011f\u0131rlayabiliyor. Bitki \u00e7e\u015fitlili\u011fi a\u00e7\u0131s\u0131ndan \u00f6nemli bir alan olan \u00d6l\u00fcdeniz Tabiat Park\u0131&#8217;nda \u00e7e\u015fitli arkeolojik kal\u0131nt\u0131lar bulunmaktad\u0131r. Park, b\u00f6lgenin kayal\u0131klar\u0131, denizi ve pop\u00fcler turistik \u00d6l\u00fcdeniz&#8217;deki bir orman\u0131 i\u00e7eren topografyas\u0131n\u0131 \u015fekillendiriyor. Mersin, menevi\u015f, ke\u00e7iboynuzu, menengi\u00e7, zakkum, hay\u0131t, kum zamba\u011f\u0131, siklamen ve maki gibi bir\u00e7ok bitki t\u00fcr\u00fc \u00d6l\u00fcdeniz Tabiat Park\u0131&#8217;nda bulunabilir.<\/p>\r\n<p>Kendine \u00f6zg\u00fc jeolojik ve jeomorfolojik \u00f6zellikleri, bozulmam\u0131\u015f flora ve yaban hayat\u0131, su sporlar\u0131na uygun denizi ve \u00e7arp\u0131c\u0131 sahil \u015feridi manzaralar\u0131 ile \u00f6zel bir aland\u0131r. \u015eu anda, park ziyaret\u00e7ilerin zevk ve dinlenme taleplerini kar\u015f\u0131lamak i\u00e7in bir dizi aktivite sunmaktad\u0131r. Resmi olarak \u00d6l\u00fcdeniz Tabiat Park\u0131 olarak bilinen bu konumda yama\u00e7 para\u015f\u00fct\u00fc, y\u00fcr\u00fcy\u00fc\u015f ve bal\u0131k\u00e7\u0131l\u0131k gibi \u00e7e\u015fitli aktiviteler ger\u00e7ekle\u015ftirebilirsiniz.<\/p>\r\n<h3><span class=\"ez-toc-section\" id=\"Kelebekler_Vadisi\"><\/span><strong>Kelebekler Vadisi<\/strong><span class=\"ez-toc-section-end\"><\/span><\/h3>\r\n<p>Vadi, D\u00fcnya Miras\u0131 Alan\u0131 olarak korunmas\u0131 \u00f6nerilen Babada olarak bilinen 1.975 metre y\u00fcksekli\u011findeki (6.480 fit) da\u011f\u0131n dibinde yer almaktad\u0131r. T\u00fcrk Rivieras\u0131&#8217;n\u0131n geni\u015f \u015feritli plaj\u0131 vadiden \u00e7\u0131k\u0131nt\u0131 yapar.<\/p>\r\n<p>Burada g\u00f6r\u00fclebilecek \u00e7ok say\u0131da kelebek t\u00fcr\u00fc vadinin ad\u0131n\u0131n kayna\u011f\u0131d\u0131r. Bilim adamlar\u0131 taraf\u0131ndan 54 aileden yakla\u015f\u0131k 147 bitki t\u00fcr\u00fc ve 15 aileden 105 kelebek t\u00fcr\u00fc vadiye \u00f6zg\u00fc olarak tan\u0131mlanm\u0131\u015ft\u0131r. Jersey kaplan\u0131 kelebek t\u00fcrlerinden biridir (Euplagia quadripunctaria rhodosensis). Haziran ve Eyl\u00fcl aylar\u0131 aras\u0131nda, vadi geni\u015f bir renk yelpazesinde \u00e7e\u015fitli kelebeklere ev sahipli\u011fi yapmaktad\u0131r.<\/p>\r\n<p>Kelebekler Vadisi, do\u011fal g\u00fczelli\u011fi nedeniyle T\u00fcrkiye&#8217;de \u00f6nemli bir ekoturizm destinasyonudur. G\u00fcn \u0131\u015f\u0131\u011f\u0131nda saatlik olarak \u00e7al\u0131\u015fan ve L\u00fcdeniz&#8217;deki Belceiz Plaj\u0131&#8217;ndan 5-7 kilometre (3,1-4,3 mil) yol kat eden bir servis tekne servisi ile ula\u015f\u0131labilir. Vadide kamp, y\u00fcr\u00fcy\u00fc\u015f, kanyon ge\u00e7i\u015fi, kano ve t\u00fcpl\u00fc dal\u0131\u015f gibi a\u00e7\u0131k hava etkinlikleri m\u00fcmk\u00fcnd\u00fcr. Vadi t\u00fcm y\u0131l boyunca halka a\u00e7\u0131kt\u0131r. Temmuz ve A\u011fustos aylar\u0131nda her g\u00fcn 200 turist vadide kamp kurdu.<\/p>\r\n<h3><span class=\"ez-toc-section\" id=\"Babadag\"><\/span><strong>Babada\u011f<\/strong><span class=\"ez-toc-section-end\"><\/span><\/h3>\r\n<p>T\u00fcrkiye&#8217;nin g\u00fcneybat\u0131s\u0131ndaki Mula ilinde yer alan Babada, Fethiye&#8217;ye yak\u0131n bir da\u011fd\u0131r.<\/p>\r\n<p>Da\u011f\u0131n ana zirvesi 1.969 metre (6.460 fit) y\u00fckseklikte bulunur ve &#8220;Karatepe&#8221; olarak bilinen ikinci bir zirve 1.400 metre (4.593 ft) y\u00fckseklikte bulunur. Babada&#8217;n\u0131n iki zirvesinin birbirine bakmas\u0131 ve bir sel vadisi ile b\u00f6l\u00fcnm\u00fc\u015f olmas\u0131 nedeniyle, baz\u0131 metinlerde &#8220;da\u011f silsilesi&#8221; terimi buna at\u0131fta bulunmak i\u00e7in kullan\u0131lm\u0131\u015ft\u0131r. Kire\u00e7ta\u015f\u0131 k\u00fctlenin \u00e7o\u011funlu\u011funu olu\u015fturur. E\u015fsiz Acer undulatum ve Cedrus libani ormanl\u0131k alanlar\u0131n\u0131 i\u00e7eren \u00e7e\u015fitli bitki \u00f6rt\u00fcs\u00fc ile \u00fcnl\u00fcd\u00fcr.<\/p>\r\n<p>Bir di\u011fer dikkat \u00e7ekici y\u00f6n\u00fc de zirvenin denize ne kadar yak\u0131n oldu\u011fudur ve bu da onu yama\u00e7 para\u015f\u00fct\u00fc i\u00e7in pop\u00fcler ve ideal bir yer haline getirir.<\/p>\r\n<h3><span class=\"ez-toc-section\" id=\"Belceksiz_Plaji\"><\/span><strong>Belceks\u0131z Plaj\u0131<\/strong><span class=\"ez-toc-section-end\"><\/span><\/h3>\r\n<p>Geni\u015f plajlar\u0131, masmavi suyu ve stres giderici atmosferi nedeniyle Belcek\u0131z, L\u00fcdeniz&#8217;in en sevilen tatil beldelerinden biridir. Bazen Belceiz olarak da bilinen Belcekz kasabas\u0131, genellikle plaj\u0131n uzun, alt\u0131n renkli plajlar\u0131ndaki \u015fezlonglarda g\u00fcne\u015flenen ve denizin kristal berrakl\u0131\u011f\u0131ndaki sular\u0131n\u0131n tad\u0131n\u0131 \u00e7\u0131karan yama\u00e7 para\u015f\u00fct\u00fc merakl\u0131lar\u0131 i\u00e7in bir f\u0131rlatma alan\u0131 olarak kullan\u0131l\u0131r. Oteller, restoranlar, perakende al\u0131\u015fveri\u015f merkezleri, kafeler, barlar vb. Vard\u0131r. Belcek\u0131z Plaj\u0131&#8217;n\u0131n arkas\u0131nda. Hem yerli hem de yabanc\u0131 ziyaret\u00e7ileri a\u011f\u0131rlayabilen m\u00fckemmel bir tesistir.<\/p>\r\n<h3><span class=\"ez-toc-section\" id=\"Likya_Yolu\"><\/span><strong>Likya Yolu<\/strong><span class=\"ez-toc-section-end\"><\/span><\/h3>\r\n<p>T\u00fcrk\u00e7e&#8217;de Likya Yolu olarak da bilinen Likya Yolu, T\u00fcrkiye&#8217;nin g\u00fcneybat\u0131s\u0131ndaki tarihi Likya k\u0131y\u0131 \u015feridinin bir b\u00f6l\u00fcm\u00fcn\u00fc \u00e7evreleyen iyi i\u015faretlenmi\u015f uzun mesafeli bir y\u00fcr\u00fcy\u00fc\u015f parkurudur. Fethiye yak\u0131nlar\u0131ndaki Hisar\u00f6n\u00fc&#8217;nden (Ovacak), Antalya&#8217;dan yakla\u015f\u0131k 20 kilometre (12 mil) uzakl\u0131ktaki Konyaalt&#8217;taki A\u015fa Karaman&#8217;a kadar 760 kilometreden (470 mil) fazla bir alana yay\u0131lmaktad\u0131r. K\u0131rm\u0131z\u0131 ve beyaz GR patika tarz\u0131 \u00e7izgilerle a\u00e7\u0131k\u00e7a belirtilmi\u015ftir. Eskiden b\u00f6lgeyi y\u00f6neten eski uygarl\u0131k, \u0130ngiliz Kate Clow taraf\u0131ndan yarat\u0131lan yola ad\u0131n\u0131 verir.<\/p>\r\n<p>G\u00fcn\u00fcm\u00fczde Mula ve Antalya illeri olan Likya, Akdeniz k\u0131y\u0131s\u0131nda, g\u00fcneybat\u0131 Anadolu&#8217;daki Teke Yar\u0131madas\u0131&#8217;nda, Bat\u0131 Toros Da\u011flar\u0131&#8217;nda yer alan bir b\u00f6lgeydi. Likya halk\u0131, antik \u00e7a\u011fdan Roma k\u00fclt\u00fcr\u00fcne asimile olduklar\u0131 Ge\u00e7 Tun\u00e7 \u00c7a\u011f\u0131&#8217;na kadar b\u00f6lgede ya\u015fam\u0131\u015ft\u0131r. Likya Birli\u011fi&#8217;ni kurdular ve Akdeniz k\u0131y\u0131s\u0131 boyunca Xanthos, Patara, Myra, Pinara, Tlos, Olympos ve Phaselis gibi \u015fehir devletleri kurdular. Daha sonra, Pers \u0130mparatorlu\u011fu, Antik Yunan, daha sonra Antik Roma, Bizans \u0130mparatorlu\u011fu, Sel\u00e7uklu \u0130mparatorlu\u011fu ve Osmanl\u0131 \u0130mparatorlu\u011fu, Likya topraklar\u0131 \u00fczerinde egemenlik iddia etti. Falez y\u00fczlerindeki lahitler ve kaya oyma mezarlar, b\u00f6lgedeki eski Likya uygarl\u0131\u011f\u0131n\u0131n kan\u0131t\u0131d\u0131r.<\/p>\r\n<h2><span class=\"ez-toc-section\" id=\"Oludenizde_Yapilacak_Aktiviteler_Nelerdir\"><\/span><strong>\u00d6l\u00fcdeniz\u2019de Yap\u0131lacak Aktiviteler Nelerdir?<\/strong><span class=\"ez-toc-section-end\"><\/span><\/h2>\r\n<p>Belcek\u0131z Plaj\u0131\u2019nda bulunan <strong>Kordon<\/strong>\u2019da y\u00fcr\u00fcmenizi tavsiye ederiz. Kordon boyunca size e\u015flik eden kafe ve restoranlar bulunmaktad\u0131r. E\u011fer farkl\u0131 bir aktivite yapmak isterseniz yama\u00e7 para\u015f\u00fct\u00fc ve tekne turlar\u0131na kat\u0131labilece\u011finiz stantlara gidebilirsiniz.<\/p>\r\n<p>Kordon boyunun sonlar\u0131na do\u011fru sizleri \u00d6l\u00fcdeniz Tabiat Park\u0131 kar\u015f\u0131lamaktad\u0131r. Giri\u015f \u00fccreti sadece 7 TL olan bu parkta do\u011fayla i\u00e7 i\u00e7e bir ya\u015fam sizleri bekliyor.<\/p>\r\n<p>Likya yolunu s\u00f6ylemesek olmaz diye d\u00fc\u015f\u00fcn\u00fcyoruz. Arkada\u015flar\u0131n\u0131zla birlikte bir macera ya\u015famak istiyorsan\u0131z bu yolu tamamlamak sizler i\u00e7in bir hedef olabilir.<\/p>\r\n<p>Babada\u011f\u2019dan yama\u00e7 para\u015f\u00fct\u00fc yapmaya ne dersiniz? Buradan atlayarak ayaklar\u0131n\u0131z\u0131n alt\u0131nda \u00d6l\u00fcdeniz\u2019i g\u00f6rme \u015fans\u0131n\u0131 yakalayabilirsiniz. Yukar\u0131dan daha g\u00f6z al\u0131c\u0131 bir g\u00f6r\u00fcnt\u00fcye sahip oldu\u011funa emin olabilirsiniz. Bu deneyimin \u00fccreti yaz aylar\u0131nda 250 TL olabiliyor. Normal zamanda 180 TL\u2019ye d\u00fc\u015f\u00fcyor.<\/p>\r\n<figure id=\"attachment_282\" aria-describedby=\"caption-attachment-282\" style=\"width: 1200px\" class=\"wp-caption aligncenter\"><img decoding=\"async\" class=\"size-full wp-image-282\" src=\"https:\/\/www.teknevia.com\/blog\/wp-content\/uploads\/2022\/12\/resim_2023-03-26_191941554.png\" alt=\"Fethiye'de Yap\u0131lacak Aktiviteler\" width=\"1200\" height=\"675\" srcset=\"https:\/\/www.teknevia.com\/blog\/wp-content\/uploads\/2022\/12\/resim_2023-03-26_191941554.png 1200w, https:\/\/www.teknevia.com\/blog\/wp-content\/uploads\/2022\/12\/resim_2023-03-26_191941554-300x169.png 300w, https:\/\/www.teknevia.com\/blog\/wp-content\/uploads\/2022\/12\/resim_2023-03-26_191941554-1024x576.png 1024w, https:\/\/www.teknevia.com\/blog\/wp-content\/uploads\/2022\/12\/resim_2023-03-26_191941554-768x432.png 768w, https:\/\/www.teknevia.com\/blog\/wp-content\/uploads\/2022\/12\/resim_2023-03-26_191941554-150x84.png 150w, https:\/\/www.teknevia.com\/blog\/wp-content\/uploads\/2022\/12\/resim_2023-03-26_191941554-696x392.png 696w, https:\/\/www.teknevia.com\/blog\/wp-content\/uploads\/2022\/12\/resim_2023-03-26_191941554-1068x601.png 1068w\" sizes=\"(max-width: 1200px) 100vw, 1200px\" \/><figcaption id=\"caption-attachment-282\" class=\"wp-caption-text\">Fethiye&#8217;de Yap\u0131lacak Aktiviteler<\/figcaption><\/figure>\r\n<p>\u00d6l\u00fcdenizin hemen giri\u015finde sizleri bir seyir alan\u0131 kar\u015f\u0131l\u0131yor. Buras\u0131 \u00d6l\u00fcdeniz\u2019i ba\u015ftan sona panaromik bir \u015fekilde g\u00f6rmenize olanak sa\u011fl\u0131yor.<\/p>\r\n<p>Mavi Ma\u011fara\u2019ya ula\u015fmak i\u00e7in tekne kiralaman\u0131z gerekmektedir. Turkuaz rengindeki par\u0131ldayan sular\u0131 ile harikulade manzaras\u0131 sayesinde buraya gitmek i\u00e7in yeterlidir. Tek giri\u015fi oldu\u011fu i\u00e7in tekneyle buraya ula\u015ft\u0131ktan sonra ma\u011faran\u0131n i\u00e7erisine girmek i\u00e7in tekneden atlay\u0131p y\u00fczmeniz gerekmektedir.<\/p>\r\n<h3><span class=\"ez-toc-section\" id=\"Oludeniz_Yamac_Parasutu\"><\/span><strong>\u00d6l\u00fcdeniz Yama\u00e7 Para\u015f\u00fct\u00fc<\/strong><span class=\"ez-toc-section-end\"><\/span><\/h3>\r\n<p>D\u00fcnyan\u0131n en g\u00fczel manzaralar\u0131ndan birini g\u00f6rebilece\u011finiz bu aktiviteyi Babada\u011f\u2019dan yap\u0131yorsunuz. D\u00fcnyan\u0131n bir\u00e7ok b\u00f6lgesinde yap\u0131lan yama\u00e7 para\u015f\u00fct\u00fc gayet g\u00fcvenli bir spordur. Bu durumu etkileyecek yeg\u00e2ne fakt\u00f6r r\u00fczgard\u0131r. Ekipmanlar\u0131n\u0131z\u0131n ise uygun sertifikalara sahip olmas\u0131 gerekmektedir.<\/p>\r\n<p>Babada\u011f\u2019dan yapaca\u011f\u0131n\u0131z bu aktivitede profesyonel bir hoca e\u015fli\u011finde yapman\u0131z sizlerin daha keyifli bir yolculuk yapmas\u0131 i\u00e7in \u00e7ok\u00e7a \u00f6nemli. Bu tarz bir aktivitede elbette baz\u0131 s\u0131n\u0131rland\u0131rmalar da bulunmaktad\u0131r. Bunlardan biri ya\u015f s\u0131n\u0131r\u0131. \u00c7ocuklar i\u00e7in 5 ya\u015f s\u0131n\u0131r\u0131 var. 18 ya\u015f\u0131ndan k\u00fc\u00e7\u00fckler i\u00e7in ise aile izniyle u\u00e7u\u015f yapmalar\u0131na izin verilmektedir. Bir di\u011fer s\u0131n\u0131r ise kilo s\u0131n\u0131r\u0131. 1 ki\u015finin en fazla ortalama 110 kilo olmas\u0131 gerekiyor. Bundan fazlas\u0131 hem sizler i\u00e7in hem de yama\u00e7 para\u015f\u00fct\u00fc yapan hocan\u0131n hayat\u0131 i\u00e7in tehlikeli olabilir.<\/p>\r\n<p>Babada\u011f\u0131\u2019na \u00e7\u0131k\u0131\u015f s\u00fcresini ve haz\u0131rl\u0131k s\u00fcrecinide i\u015fin i\u00e7erisinde katarsak toplam 1 saat 30 dakika gibi bir s\u00fcrede u\u00e7u\u015funuzu tamaml\u0131yorsunuz. U\u00e7u\u015f 30 dakika s\u00fcr\u00fcyor. Foto\u011fraf ve video \u00e7ekimi i\u00e7in u\u00e7u\u015fu yapt\u0131\u011f\u0131n\u0131z yetkili yer sizleri go pro ile \u00e7ekiyor. Tabii bunda da ek bir \u00fccret isteniyor.<\/p>\r\n<p>U\u00e7u\u015fta giymeniz gereken k\u0131yafetler daha rahat k\u0131yafetler olmal\u0131. Zaten etraf\u0131n\u0131z\u0131 s\u0131k\u0131ca iplerle donatt\u0131klar\u0131 i\u00e7in sizleri daha da s\u0131kan \u015feyler giymemenizi tavsiye ederiz. Da\u011f\u0131n tepesinden atlay\u0131\u015f\u0131 ger\u00e7ekle\u015ftirece\u011finiz i\u00e7in \u00fcst\u00fcn\u00fcze mont veya sweatshirt giymenizi sizlerin daha keyifli bir yolculuk yapmas\u0131na olanak sa\u011flayacakt\u0131r.\u00a0<\/p>\r\n<p>Fethiye\u2019de g\u00fcnde 5 tane u\u00e7u\u015f d\u00fczenleniyor. Bu u\u00e7u\u015flar\u0131n saatleri 08.30 \u2013 11.00 \u2013 13.00 \u2013 15.00 \u2013 17.00 aras\u0131ndad\u0131r. \u00d6nceden rezervasyon yapt\u0131r\u0131rsan\u0131z dolu olma sorununu ya\u015famazs\u0131n\u0131z.<\/p>\r\n<h3><span class=\"ez-toc-section\" id=\"Oludeniz_Tekne_Turlari\"><\/span><strong>\u00d6l\u00fcdeniz Tekne Turlar\u0131<\/strong><span class=\"ez-toc-section-end\"><\/span><\/h3>\r\n<p>Turkuaz renginde \u0131\u015f\u0131ldayan koylar\u0131nda ve etraf\u0131nda ye\u015filin b\u00fct\u00fcn tonlar\u0131n\u0131 g\u00f6rebilece\u011finiz do\u011fas\u0131yla Fethiye \u00d6l\u00fcdeniz\u2019de tekne turuna \u00e7\u0131kmak ger\u00e7ekten heyecan verici bir deneyim. Bu heyecan\u0131 hem genel k\u00fclt\u00fcr\u00fcn\u00fcz\u00fc geli\u015ftirerek hem de doya doya foto\u011fraf ve video \u00e7ekerek ta\u00e7land\u0131rabilece\u011finiz bir gezi olaca\u011f\u0131na inanc\u0131m\u0131z tam.<\/p>\r\n<p>Tekne turlar\u0131nda belli bir rota izlenmektedir. Bunlardan ilki Mavi Ma\u011farad\u0131r. Sabah saatlerinde \u00d6l\u00fcdeniz Plaj\u0131\u2019ndan hareket eden tekneler\u00a0<\/p>\r\n<p>\u00d6l\u00fcdeniz gezisi i\u00e7in d\u00fczenlenen tekne turu, saat 11.00&#8217;da \u00d6l\u00fcdeniz Plaj\u0131&#8217;ndan hareket ile ba\u015flamaktad\u0131r. Misafirlerimiz ile ba\u015flad\u0131\u011f\u0131m\u0131z Tekne Turunun ilk dura\u011f\u0131 Mavi Ma\u011fara olmakla birlikte toplamda 6 durak gezilecektir.<\/p>\r\n<p>\u0130sterseniz \u00d6l\u00fcdeniz lokasyonunda <strong><a href=\"https:\/\/www.teknevia.com\">tekne kiralama<\/a><\/strong> hizmeti alarak kendi keyfinize g\u00f6re istedi\u011finiz saatte istedi\u011finiz koyda olacak \u015fekilde daha \u00f6zg\u00fcr bir gezinti yapma imkan\u0131n\u0131z da mevcut.<\/p>\r\n<h4><span class=\"ez-toc-section\" id=\"Fethiye_Oludenizdeki_En_Guzel_Koylar_Hangileridir\"><\/span><strong>Fethiye \u00d6l\u00fcdeniz&#8217;deki En G\u00fczel Koylar Hangileridir?<\/strong><span class=\"ez-toc-section-end\"><\/span><\/h4>\r\n<p>Ger\u00e7ek bir do\u011fa harikas\u0131 co\u011frafyaya sahip \u00d6l\u00fcdeniz&#8217;de birbirinden g\u00fczel do\u011fal koylar bulunuyor. Bu koylar\u0131 \u00f6\u011frenmek ve detaylar\u0131n\u0131 bilmek i\u00e7in yaz\u0131m\u0131z\u0131 okumaya devam edebilirsiniz.<\/p>\r\n<h4><span class=\"ez-toc-section\" id=\"Mavi_Magara\"><\/span><strong>Mavi Ma\u011fara<\/strong><span class=\"ez-toc-section-end\"><\/span><\/h4>\r\n<p><strong>Mavi Ma\u011fara<\/strong>\u2019da \u00f6zellikle denizin sakinli\u011fiyle hayran kald\u0131ktan sonra dal\u0131\u015f yapabilece\u011finiz bir yerdir. Burada misafirler keyifli bir \u015fekilde vakit ge\u00e7irip sosyal medyada payla\u015fabilecekleri foto\u011fraflar\u0131 \u00e7ekildikten sonra teknenin di\u011fer dura\u011f\u0131 Kelebekler Vadisi olacakt\u0131r.<\/p>\r\n<h4><span class=\"ez-toc-section\" id=\"Kelebekler_Vadisi-2\"><\/span><strong>Kelebekler Vadisi<\/strong><span class=\"ez-toc-section-end\"><\/span><\/h4>\r\n<p><strong>Kelebekler Vadisi<\/strong> isminden de anla\u015f\u0131laca\u011f\u0131 \u00fczere 80\u2019den fazla kelebek \u00e7e\u015fidiyle sizlere e\u015fsiz bir g\u00f6r\u00fcnt\u00fc sa\u011fl\u0131yor. Dik kayal\u0131klarla \u00e7evrili olan b\u00f6lgede isterseniz y\u00fcr\u00fcy\u00fc\u015f yap\u0131p kendinizi do\u011fan\u0131n bir par\u00e7as\u0131 hissedebilir isterseniz de \u0131\u015f\u0131ldayan denizinde suyun serinli\u011fiyle kendinizi ferahlatabilirsiniz. Etraf\u0131nda sarp yama\u00e7lar bulundu\u011fundan dolay\u0131 e\u015fine az rastlan\u0131r \u015felaleler yolculu\u011funuzda size e\u015flik edecektir. Buradan sonra s\u0131ra Saint Nicolas Adas\u0131na gelmektedir.<\/p>\r\n<h4><span class=\"ez-toc-section\" id=\"Nicolas_Adasi\"><\/span><strong>Nicolas Adas\u0131<\/strong><span class=\"ez-toc-section-end\"><\/span><\/h4>\r\n<p><strong>Nicolas Adas\u0131<\/strong>&#8216;n\u0131n sizin i\u00e7in k\u00fclt\u00fcrel bir aktivite olaca\u011f\u0131n\u0131 d\u00fc\u015f\u00fcn\u00fcyoruz. Burada tarihin kal\u0131nt\u0131lar\u0131n\u0131 g\u00f6rebilecek ve aday\u0131 tekne ile ziyaret etme \u015fans\u0131 yakalayacaks\u0131n\u0131z. Adaya en kolay ula\u015f\u0131m yolu tekne oldu\u011fu ger\u00e7e\u011finide s\u00f6ylemeden ge\u00e7emeyece\u011fiz. Tekne Turumuzun bir di\u011fer dura\u011f\u0131 ise Akvaryum Koyu.<\/p>\r\n<h4><span class=\"ez-toc-section\" id=\"Akvaryum_Koyu\"><\/span><strong>Akvaryum Koyu<\/strong><span class=\"ez-toc-section-end\"><\/span><\/h4>\r\n<p><strong>Akvaryum Koyu<\/strong> isminden de anla\u015f\u0131laca\u011f\u0131 \u00fczere akvaryum gibi bir g\u00f6r\u00fcnt\u00fcye sahiptir. Denize bak\u0131ld\u0131\u011f\u0131nda dibini g\u00f6rebildi\u011finizden dolay\u0131 dal\u0131\u015f yapanlar\u0131n vazge\u00e7ilmez bir rotas\u0131d\u0131r. Tekneden atlay\u0131p y\u00fczme \u015fans\u0131 yakalayabilece\u011finiz bir koydur. Rotan\u0131n devam\u0131na ba\u015fka bir koy bizleri kar\u015f\u0131l\u0131yor.\u00a0<\/p>\r\n<h4><span class=\"ez-toc-section\" id=\"Soguk_Su_Koyu\"><\/span><strong>So\u011fuk Su Koyu<\/strong><span class=\"ez-toc-section-end\"><\/span><\/h4>\r\n<p><strong>So\u011fuk Su Koyu<\/strong> da\u011flardan gelen do\u011fal kaynak sular\u0131n\u0131n ve mavi denizin birle\u015fti\u011fi bir noktadad\u0131r. \u00a0Etraf\u0131nda yol boyunca g\u00f6rebilece\u011fin \u00e7am ormanlar\u0131n\u0131n bulundu\u011fu bu koyda do\u011fayla i\u00e7 i\u00e7e olacaks\u0131n\u0131z. Saf oksijeni ci\u011ferlerinize kadar hissedece\u011finiz bu b\u00f6lgede ye\u015file doyaca\u011f\u0131n\u0131z\u0131 s\u00f6yleyebiliriz. Son dura\u011f\u0131m\u0131za geliyoruz \u015fimdide. \u00a0<\/p>\r\n<h4><span class=\"ez-toc-section\" id=\"Deve_Plaji\"><\/span><strong>Deve Plaj\u0131<\/strong><span class=\"ez-toc-section-end\"><\/span><\/h4>\r\n<p><strong>Deve Plaj\u0131<\/strong> her daim sakin sulara sahip oldu\u011fundan suyun dinginli\u011fi sizleri de dinlendirecektir. Turun sonuna geldi\u011fimiz i\u00e7in yorgun olan misafirlerin dinlenece\u011fi bir plaj olacakt\u0131r. Keyifli bir vakit ge\u00e7irdikten sonra saat 18.00 sular\u0131nda seyir tamamlanm\u0131\u015ft\u0131r olacakt\u0131r. Rota boyunca \u00e7ekti\u011finiz foto\u011fraflar ve rehber ile \u00f6\u011frendi\u011finiz bilgilerin do\u011frultusunda paha bi\u00e7ilemez anlar b\u00fct\u00fcn\u00fc olarak akl\u0131n\u0131za kaz\u0131naca\u011f\u0131ndan \u015f\u00fcphemiz yok.<\/p>\r\n<h3><span class=\"ez-toc-section\" id=\"Oludeniz_Tarihi_Yerler_Hangileridir\"><\/span><strong>\u00d6l\u00fcdeniz Tarihi Yerler Hangileridir?<\/strong><span class=\"ez-toc-section-end\"><\/span><\/h3>\r\n<p>\u00d6l\u00fcdeniz b\u00f6lgesinde g\u00f6r\u00fclecek do\u011fal g\u00fczelliklerin yan\u0131 s\u0131ra pek \u00e7ok tarihi mekan da bulunmaktad\u0131r.<\/p>\r\n<figure id=\"attachment_284\" aria-describedby=\"caption-attachment-284\" style=\"width: 1200px\" class=\"wp-caption aligncenter\"><img decoding=\"async\" class=\"size-full wp-image-284\" src=\"https:\/\/www.teknevia.com\/blog\/wp-content\/uploads\/2022\/12\/resim_2023-03-26_192455208.png\" alt=\"Fethiye \u00d6l\u00fcdeniz Tarihi Yerler\" width=\"1200\" height=\"675\" srcset=\"https:\/\/www.teknevia.com\/blog\/wp-content\/uploads\/2022\/12\/resim_2023-03-26_192455208.png 1200w, https:\/\/www.teknevia.com\/blog\/wp-content\/uploads\/2022\/12\/resim_2023-03-26_192455208-300x169.png 300w, https:\/\/www.teknevia.com\/blog\/wp-content\/uploads\/2022\/12\/resim_2023-03-26_192455208-1024x576.png 1024w, https:\/\/www.teknevia.com\/blog\/wp-content\/uploads\/2022\/12\/resim_2023-03-26_192455208-768x432.png 768w, https:\/\/www.teknevia.com\/blog\/wp-content\/uploads\/2022\/12\/resim_2023-03-26_192455208-150x84.png 150w, https:\/\/www.teknevia.com\/blog\/wp-content\/uploads\/2022\/12\/resim_2023-03-26_192455208-696x392.png 696w, https:\/\/www.teknevia.com\/blog\/wp-content\/uploads\/2022\/12\/resim_2023-03-26_192455208-1068x601.png 1068w\" sizes=\"(max-width: 1200px) 100vw, 1200px\" \/><figcaption id=\"caption-attachment-284\" class=\"wp-caption-text\">Fethiye \u00d6l\u00fcdeniz Tarihi Yerler<\/figcaption><\/figure>\r\n<h4><span class=\"ez-toc-section\" id=\"Kayakoy\"><\/span><strong>Kayak\u00f6y<\/strong><span class=\"ez-toc-section-end\"><\/span><\/h4>\r\n<p>Kayak\u00f6y s\u0131rad\u0131\u015f\u0131 mimari yap\u0131s\u0131 ve ilgin\u00e7 hikayeleri ile \u00d6l\u00fcdeniz\u2019in \u00e7evresinde yer alan bir mahalledir. Huzurlu bir yap\u0131ya sahip olan ve k\u00f6keni ilk medeniyetlerden olan Likya\u2019ya dayanan \u00f6nemli bir k\u00f6yd\u00fcr. Cumhuriyetten sonra yap\u0131lan n\u00fcf\u00fcs m\u00fcbadelesine ithafen bu b\u00f6lgede ya\u015fayan Rumlar b\u00f6lgeden g\u00f6nderilmi\u015ftir ve Rumlar\u0131n terk etti\u011fi ta\u015f evler y\u00fczy\u0131llar boyunca ayakta kalmay\u0131 ba\u015farm\u0131\u015ft\u0131r. Sonras\u0131nda b\u00f6lge do\u011fal yollarla meydana gelen deprem nedeniyle zarara u\u011fram\u0131\u015ft\u0131r ve ard\u0131nda b\u00f6lge m\u00fcze i\u015flevi g\u00f6rmeye ba\u015flam\u0131\u015ft\u0131r. K\u00f6y\u00fcn ova b\u00f6l\u00fcm\u00fcnde \u015fu an itibariyle hala ya\u015fayanlar ve tar\u0131mla u\u011fra\u015fanlar vard\u0131r. Buradaki muazzam g\u00f6r\u00fcnt\u00fcy\u00fc olu\u015fturan evlere m\u00fczeye \u00e7evrilmesi sebebiyle girme imk\u00e2n\u0131 bulabilirsiniz.<\/p>\r\n<h4><span class=\"ez-toc-section\" id=\"Gemile_Koyu\"><\/span><strong>Gemile Koyu<\/strong><span class=\"ez-toc-section-end\"><\/span><\/h4>\r\n<p>\u00d6l\u00fcdeniz \u2018in tarihi mekanlar\u0131 ve k\u00fclt\u00fcrel hazineleri aras\u0131nda harikulade konumlar\u0131ndan biri Gemile Koyu&#8217;dur. Gemile Adas\u0131&#8217;n\u0131n yan\u0131ndaki koy ve adan\u0131n kendisi H\u0131ristiyanl\u0131k i\u00e7in \u00f6nemli yerlerdir. Sofistike bir yap\u0131ya sahip olmas\u0131na ra\u011fmen, Bizans ve H\u0131ristiyanl\u0131k tarihinin en \u00f6nemli kiliselerinden biri olan Aya Nicola, yakla\u015f\u0131k 1800 y\u0131l \u00f6nce meydana gelen bir depremin ard\u0131ndan k\u0131smen sular alt\u0131nda kalm\u0131\u015f ve baz\u0131 kal\u0131nt\u0131lar halen daha g\u00f6r\u00fclebilmektedir. Yolun hemen kar\u015f\u0131s\u0131nda, bazen Gemiler Koyu olarak bilinen b\u00f6lgede, kilisesi olduk\u00e7a \u00f6nemli olan Gemile yat\u0131yor. Bizans&#8217;\u0131n en \u00f6nemli din merkezlerinden biri olan b\u00f6lge, Arap istilas\u0131 gibi \u00f6nemli olaylara tan\u0131k olmu\u015ftur.<\/p>\r\n<h4><span class=\"ez-toc-section\" id=\"Sovalye_Adasi\"><\/span><strong>\u015e\u00f6valye Adas\u0131<\/strong><span class=\"ez-toc-section-end\"><\/span><\/h4>\r\n<p>Tarihin her d\u00f6neminde Fethiye ve \u00d6l\u00fcdeniz&#8217;in \u00f6nemi g\u00f6r\u00fclm\u00fc\u015ft\u00fcr. Fethiye&#8217;nin ortas\u0131nda yer alan ve kordon hatt\u0131ndan a\u00e7\u0131k\u00e7a g\u00f6r\u00fclebilen \u015e\u00f6valye Adas\u0131, \u00d6l\u00fcdeniz&#8217;in bir di\u011fer tarihi alan\u0131d\u0131r. Rodos \u015e\u00f6valyeleri adaya ad\u0131n\u0131 verdi, bu da Fethiye&#8217;nin \u015fehir merkezinde dola\u015f\u0131rken insanlar\u0131 ona \u00e7eken \u015feydi. Ada, say\u0131s\u0131z medeniyet i\u00e7in \u00e7ok \u00f6nemli bir askeri karakol olmu\u015ftur ve g\u00fcn\u00fcm\u00fcze kadar gelen \u00e7ok say\u0131da tarihi kal\u0131nt\u0131ya ev sahipli\u011fi yapmaktad\u0131r. Likya k\u00fclt\u00fcr\u00fc ile birlikte Roma, Bizans ve Osmanl\u0131 \u0130mparatorlu\u011fu&#8217;nun askeri kurulu\u015flar\u0131 adaya h\u00fckmetmi\u015ftir. Adada bir de kale bulunmaktad\u0131r. \u015e\u00f6valye Adas\u0131&#8217;ndaki kale on d\u00f6rd\u00fcnc\u00fc y\u00fczy\u0131lda in\u015fa edilmi\u015ftir.<\/p>\r\n<h4><span class=\"ez-toc-section\" id=\"Fethiye_Kalesi\"><\/span><strong>Fethiye Kalesi<\/strong><span class=\"ez-toc-section-end\"><\/span><\/h4>\r\n<p>\u00d6l\u00fcdeniz tarihi mekanlar\u0131 i\u00e7inde, Fethiye Kalesi ilgi \u00e7ekici mimarisi ve harika manzaras\u0131 ile \u00f6ne \u00e7\u0131kan bir yer. \u0130l\u00e7enin merkezinde bulunan Fethiye Kalesi, konum olarak kaya mezarlar\u0131n\u0131n hemen yan\u0131nda yer al\u0131yor. Merkezden y\u00fcr\u00fcyerek ula\u015fman\u0131n m\u00fcmk\u00fcn oldu\u011fu Fethiye Kalesi, 1400\u2019l\u00fc y\u0131llarda \u015f\u00f6valyeler taraf\u0131ndan in\u015fa edilmi\u015f. Orta \u00e7a\u011f k\u00fclt\u00fcr\u00fcn\u00fc, mimarisini iyi bir \u015fekilde hissettiren kale, h\u00e2kim konumu nedeniyle \u00e7ok g\u00fczel bir manzaraya da sahip. G\u00fcn\u00fcm\u00fczde ziyarete a\u00e7\u0131k bir yer olan Fethiye Kalesi\u2019nin yan\u0131nda yer alan tesislerde oturarak bir \u015feyler yemek, i\u00e7mek m\u00fcmk\u00fcn. Rodoslular\u0131n, \u015e\u00f6valye Adas\u0131\u2019n\u0131n kalesi yan\u0131nda di\u011fer bir eseri olan bu kale, b\u00f6lgenin en \u00f6nemli k\u00fclt\u00fcr varl\u0131klar\u0131ndan.\u00a0<\/p>\r\n<h4><span class=\"ez-toc-section\" id=\"Likya_Yolu-2\"><\/span><strong>Likya Yolu<\/strong><span class=\"ez-toc-section-end\"><\/span><\/h4>\r\n<p>Likya uygarl\u0131\u011f\u0131n\u0131n g\u00fcn\u00fcm\u00fcze kadar gelen bir \u00fcr\u00fcn\u00fc olan Likya Yolu, \u00d6l\u00fcdeniz \u2018in en \u00f6nemli tarihi hazinelerinden biridir. D\u00fcnyan\u0131n en \u00f6nemli a\u00e7\u0131k hava y\u00fcr\u00fcy\u00fc\u015f yollar\u0131ndan biri olan Likya Yolu, \u00d6l\u00fcdeniz ile Antalya aras\u0131nda 500 kilometreden fazla bir alana yay\u0131l\u0131yor ve T\u00fcrkiye&#8217;nin yan\u0131 s\u0131ra d\u00fcnyan\u0131n d\u00f6rt bir yan\u0131ndan da ziyaret\u00e7i \u00e7ekiyor. Likya Yolu, deneyimli y\u00fcr\u00fcy\u00fc\u015f\u00e7\u00fcler taraf\u0131ndan ortalama 30 g\u00fcnde tamamlanabilmektedir. O d\u00f6nemde en \u00f6nemli hat, \u00e7ok say\u0131da antik kenti birbirine ba\u011flayan Likya Yolu&#8217;ydu. G\u00fcn\u00fcm\u00fczde rehberli gezilerin d\u00fczenlendi\u011fi Likya Yolu boyunca y\u00fcr\u00fcrken birbirinden g\u00fczel manzaralar ya\u015famak m\u00fcmk\u00fcn.<\/p>\r\n<h3><span class=\"ez-toc-section\" id=\"Hisaronu_Mahallesi\"><\/span><strong>Hisar\u00f6n\u00fc Mahallesi<\/strong><span class=\"ez-toc-section-end\"><\/span><\/h3>\r\n<p>Burada \u00d6l\u00fcdeniz&#8217;in gece hayat\u0131 burada at\u0131yor. Ge\u00e7 saatlerde \u00d6l\u00fcdeniz&#8217;de nereye gidece\u011finizi merak ediyorsan\u0131z Hisar\u00f6n\u00fc&#8217;d\u00fcr. Fethiye ve \u00d6l\u00fcdeniz&#8217;in ortas\u0131nda yer alan Hisar\u00f6n\u00fc ve Ovacak Mahalleleri \u00e7am ormanlar\u0131 ile \u00e7evrilidir. \u00d6l\u00fcdeniz&#8217;i Hisar\u00f6n\u00fc&#8217;nden 5 kilometre, Fethiye&#8217;den ise 6 km uzak\u0131r.<\/p>\r\n<p>Hisar\u00f6n\u00fc&#8217;nde \u00e7ok say\u0131da otel ve tatil k\u00f6y\u00fc bulunmaktad\u0131r. \u00d6l\u00fcdeniz&#8217;e yak\u0131n kalmak isterseniz bu b\u00f6lge ba\u015fka bir se\u00e7enektir.<\/p>\r\n<h2><span class=\"ez-toc-section\" id=\"Oludenize_Nasil_Gidilir\"><\/span><strong>\u00d6l\u00fcdeniz\u2019e Nas\u0131l Gidilir?<\/strong><span class=\"ez-toc-section-end\"><\/span><\/h2>\r\n<p>T\u00fcrkiye\u2019nin en \u00f6zel turizm beldelerinden biri olan \u00d6l\u00fcdeniz\u2019e\u00a0ula\u015f\u0131m minib\u00fcsler ile yap\u0131lmaktad\u0131r.\u00a0Fethiye\u2019den\u00a0yola \u00e7\u0131kan minib\u00fcsler ile \u00d6l\u00fcdeniz\u2019de g\u00f6r\u00fclmesi gereken turistik yerlere rahatl\u0131kla ula\u015fabilece\u011finiz gibi daha h\u0131zl\u0131 ve k\u0131sa s\u00fcrede her yere gidebilmek i\u00e7in kendi arac\u0131n\u0131zla gelmeyi de d\u00fc\u015f\u00fcnebilirsiniz.<\/p>\r\n<p>\u00d6l\u00fcdeniz ve Fethiye\u2019de kiralanabilen motosikletlerle de \u00d6l\u00fcdeniz\u2019deki g\u00fczellikleri ke\u015ffe \u00e7\u0131kabilir, \u00e7am a\u011fa\u00e7lar\u0131 aras\u0131nda yol al\u0131rken temiz havan\u0131n tad\u0131n\u0131 \u00e7\u0131karaca\u011f\u0131n\u0131zdan emin olabilirsiniz.<\/p>\r\n<p>Fethiye ile \u00d6l\u00fcdeniz aras\u0131ndaki yolun b\u00fcy\u00fck bir b\u00f6l\u00fcm\u00fc\u00a0engebeli ve d\u00f6neme\u00e7li\u00a0oldu\u011fu i\u00e7in \u00f6zellikle ilk defa gidenlerin olduk\u00e7a yava\u015f ve dikkatli s\u00fcrmelerini \u00f6neriyoruz.<\/p>\r\n<h2><span class=\"ez-toc-section\" id=\"Oludeniz_Kamp_Alanlari_Hangileridir\"><\/span><strong>\u00d6l\u00fcdeniz Kamp Alanlar\u0131 Hangileridir?<\/strong><span class=\"ez-toc-section-end\"><\/span><\/h2>\r\n<p>\u00d6l\u00fcdeniz, kamp severler i\u00e7in de harika bir tercih. \u00d6l\u00fcdeniz&#8217;de kamp yapabilece\u011finiz pek \u00e7ok camping bulunmaktad\u0131r.<\/p>\r\n<figure id=\"attachment_283\" aria-describedby=\"caption-attachment-283\" style=\"width: 600px\" class=\"wp-caption aligncenter\"><img decoding=\"async\" class=\"size-full wp-image-283\" src=\"https:\/\/www.teknevia.com\/blog\/wp-content\/uploads\/2022\/12\/resim_2023-03-26_192145450.png\" alt=\"\u00d6l\u00fcdeniz Kamp Alanlar\u0131\" width=\"600\" height=\"401\" srcset=\"https:\/\/www.teknevia.com\/blog\/wp-content\/uploads\/2022\/12\/resim_2023-03-26_192145450.png 600w, https:\/\/www.teknevia.com\/blog\/wp-content\/uploads\/2022\/12\/resim_2023-03-26_192145450-300x201.png 300w, https:\/\/www.teknevia.com\/blog\/wp-content\/uploads\/2022\/12\/resim_2023-03-26_192145450-150x100.png 150w\" sizes=\"(max-width: 600px) 100vw, 600px\" \/><figcaption id=\"caption-attachment-283\" class=\"wp-caption-text\">\u00d6l\u00fcdeniz Kamp Alanlar\u0131<\/figcaption><\/figure>\r\n<h3><span class=\"ez-toc-section\" id=\"Oludeniz_Aydede_Camping\"><\/span><strong>\u00d6l\u00fcdeniz Aydede Camping<\/strong><span class=\"ez-toc-section-end\"><\/span><\/h3>\r\n<p>\u00dccretli kamp yeri aray\u0131\u015f\u0131n\u0131zda Aydede Camping alan\u0131na u\u011framan\u0131z\u0131 tavsiye ederiz. G\u00fczel do\u011fal bir \u00e7evre sunan tesis, \u00d6l\u00fcdeniz&#8217;e sadece 2 km uzakl\u0131ktad\u0131r. Kamp boyunca ihtiyac\u0131n\u0131z olacak bir\u00e7ok \u015feyi bulabilece\u011finiz bir kamp alan\u0131d\u0131r. \u00c7e\u015fitli se\u00e7enekler de sunulmaktad\u0131r. Kendi \u00e7ad\u0131r\u0131n\u0131z, karavan\u0131n\u0131z, bungalovunuz veya firma taraf\u0131ndan sa\u011flanan \u00e7ad\u0131r\u0131n\u0131z ile tatilin tad\u0131n\u0131 \u00e7\u0131karabilirsiniz. Tatili do\u011fa ile i\u00e7 i\u00e7e ge\u00e7irmek i\u00e7in g\u00fczel bir yerden de bahsetmek gerekir.<\/p>\r\n<h3><span class=\"ez-toc-section\" id=\"Darbogaz_Koyu_Kamp_Alan\"><\/span><strong>Darbo\u011faz Koyu Kamp Alan<\/strong><span class=\"ez-toc-section-end\"><\/span><\/h3>\r\n<p>Fethiye&#8217;de do\u011fal kamp konseptiyle bilinen yerler var. Ayr\u0131ca Darboaz Bay Camping Area&#8217;da do\u011fan\u0131n ortas\u0131nda kamp yapmak m\u00fcmk\u00fcn. \u00c7\u00fcnk\u00fc bu koya arabayla ula\u015fam\u0131yorsunuz. \u00d6ncelikle arac\u0131n\u0131z\u0131 bu lokasyona en yak\u0131n olan Gemile Koyu&#8217;na park etmeli ve ard\u0131ndan bir rota boyunca yakla\u015f\u0131k 15 dakika y\u00fcr\u00fcmeye devam etmelisiniz. Belli bir y\u00fcr\u00fcy\u00fc\u015ften sonra kamp alan\u0131na ula\u015facakas\u0131n\u0131z. Fethiye&#8217;de \u00e7ad\u0131r kamp\u0131 ararken kullan\u0131lacak en iyi adreslerden biri Darboaz K\u00f6rfezi Kamp Alan\u0131&#8217;d\u0131r.<\/p>\r\n<h3><span class=\"ez-toc-section\" id=\"Doga_Kamp_Oludeniz\"><\/span><strong>Do\u011fa Kamp \u00d6l\u00fcdeniz<\/strong><span class=\"ez-toc-section-end\"><\/span><\/h3>\r\n<p>Uzun zamand\u0131r iyi i\u015fleyebilen nadir yerlerden biri de \u00d6l\u00fcdeniz Do\u011fa Kamp\u0131&#8217;d\u0131r. Sonu\u00e7 olarak \u00d6l\u00fcdeniz&#8217;in en tepelerindeki kamp mekanlar\u0131ndan bahsederken akla gelen ilk isimlerden biridir. Do\u011fa Kamp \u00d6l\u00fcdeniz&#8217;deki kamp\u00e7\u0131lar bir\u00e7ok f\u0131rsata sahiptir ve olduk\u00e7a geni\u015f bir alana hizmet vermektedir. S\u0131cak su, otopark, internet eri\u015fimi, restoranlar, mutfaklar ve a\u00e7\u0131k dinlenme alanlar\u0131 gibi olanaklar. Elinizin alt\u0131nda bir\u00e7ok se\u00e7enek var. Ayr\u0131ca yo\u011fun ormanlar aras\u0131nda kamp yapmak i\u00e7in en iyi yerler aras\u0131ndad\u0131r. Kendi \u00e7ad\u0131r\u0131n\u0131z veya karavan\u0131n\u0131zla kamp yapabiliyor olsan\u0131z da Do\u011fa Kamp\u0131 \u00d6l\u00fcdeniz de \u00e7ad\u0131r kiral\u0131yor. \u00d6l\u00fcdeniz&#8217;in yak\u0131n oldu\u011fu ve y\u00fcr\u00fcyerek ula\u015f\u0131labildi\u011fi belirtilmelidir.<\/p>\r\n<h3><span class=\"ez-toc-section\" id=\"Kidrak_Camping_Namaste\"><\/span><strong>K\u0131drak Camping Namaste<\/strong><span class=\"ez-toc-section-end\"><\/span><\/h3>\r\n<p>\u00d6l\u00fcdeniz&#8217;de kamp yapmak isteyenler i\u00e7in pop\u00fcler yerlerden biri de 4 km uzakl\u0131ktaki K\u0131drak Koyu. K\u0131drak K\u00f6rfezi ve \u00d6l\u00fcdeniz&#8217;in yak\u0131ndan manzaras\u0131n\u0131 izlerken sorunsuz kamp yapman\u0131n keyfini \u00e7\u0131karmak i\u00e7in K\u0131drak Camping&#8217;i tercih edebilirsiniz. Her d\u00f6nem K\u0131drak Camping, m\u00fczik, e\u011flence, yoga ve nefis yemekler i\u00e7eren \u00e7e\u015fitli etkinlikler sunmaktad\u0131r. Ayr\u0131ca, ah\u015fap veya minyat\u00fcr villalarda kalma se\u00e7ene\u011fi sunar. Il\u0131k su, yemek mek\u00e2n\u0131, otopark, barbek\u00fc alan\u0131, a\u00e7\u0131k oturma yerleri vb. Se\u00e7enekler de mevcuttur.<\/p>\r\n\r\n\r\n","protected":false},"excerpt":{"rendered":"<p>Fethiye&#8217;nin g\u00f6z al\u0131c\u0131 g\u00fczelliklerinden biri olan \u00d6l\u00fcdeniz, T\u00fcrkiye&#8217;nin en \u00fcnl\u00fc turistik yerlerinden biri ve d\u00fcnya genelindeki bir\u00e7ok seyahat tutkununun hayallerini s\u00fcsleyen bir yer. Masmavi sular\u0131, beyaz kumlu plajlar\u0131 ve etraf\u0131n\u0131 saran nefes kesici da\u011f manzaras\u0131 ile \u00d6l\u00fcdeniz, yery\u00fcz\u00fcndeki cennetlere en yak\u0131n yerlerden biri olarak kabul ediliyor. Bu muhte\u015fem do\u011fa harikas\u0131, sadece g\u00fczelli\u011fi ile de\u011fil ayn\u0131 [&hellip;]<\/p>\n","protected":false},"author":1,"featured_media":251,"comment_status":"open","ping_status":"open","sticky":false,"template":"","format":"standard","meta":[],"categories":[1,11,5],"tags":[],"_links":{"self":[{"href":"https:\/\/www.teknevia.com\/blog\/wp-json\/wp\/v2\/posts\/1"}],"collection":[{"href":"https:\/\/www.teknevia.com\/blog\/wp-json\/wp\/v2\/posts"}],"about":[{"href":"https:\/\/www.teknevia.com\/blog\/wp-json\/wp\/v2\/types\/post"}],"author":[{"embeddable":true,"href":"https:\/\/www.teknevia.com\/blog\/wp-json\/wp\/v2\/users\/1"}],"replies":[{"embeddable":true,"href":"https:\/\/www.teknevia.com\/blog\/wp-json\/wp\/v2\/comments?post=1"}],"version-history":[{"count":8,"href":"https:\/\/www.teknevia.com\/blog\/wp-json\/wp\/v2\/posts\/1\/revisions"}],"predecessor-version":[{"id":713,"href":"https:\/\/www.teknevia.com\/blog\/wp-json\/wp\/v2\/posts\/1\/revisions\/713"}],"wp:featuredmedia":[{"embeddable":true,"href":"https:\/\/www.teknevia.com\/blog\/wp-json\/wp\/v2\/media\/251"}],"wp:attachment":[{"href":"https:\/\/www.teknevia.com\/blog\/wp-json\/wp\/v2\/media?parent=1"}],"wp:term":[{"taxonomy":"category","embeddable":true,"href":"https:\/\/www.teknevia.com\/blog\/wp-json\/wp\/v2\/categories?post=1"},{"taxonomy":"post_tag","embeddable":true,"href":"https:\/\/www.teknevia.com\/blog\/wp-json\/wp\/v2\/tags?post=1"}],"curies":[{"name":"wp","href":"https:\/\/api.w.org\/{rel}","templated":true}]}}