{"id":304,"date":"2023-04-10T23:29:55","date_gmt":"2023-04-10T20:29:55","guid":{"rendered":"https:\/\/blog.teknevia.com\/?p=304"},"modified":"2024-07-04T21:48:52","modified_gmt":"2024-07-04T18:48:52","slug":"istanbulun-unlu-kopruleri","status":"publish","type":"post","link":"https:\/\/www.teknevia.com\/blog\/istanbulun-unlu-kopruleri","title":{"rendered":"\u0130stanbul&#8217;un \u00dcnl\u00fc K\u00f6pr\u00fcleri"},"content":{"rendered":"<p><span style=\"font-weight: 400;\">Deniz yap\u0131s\u0131 sebebiyle \u0130stanbul Bo\u011faz\u0131\u2019nda bir\u00e7ok k\u00f6pr\u00fc bulunmaktad\u0131r. Bunlar \u0130stanbul denilince ilk akla gelenlerdendir diyebiliriz. <strong>\u0130stanbul&#8217;un \u00fcnl\u00fc k\u00f6pr\u00fcleri<\/strong> hem simgesel olarak hem de pratik olarak b\u00fcy\u00fck \u00f6neme sahiptir. Pratikte b\u00fcy\u00fck \u00f6neme sahiptir \u00e7\u00fcnk\u00fc ula\u015f\u0131m\u0131 muazzam \u015fekilde kolayla\u015ft\u0131rmaktad\u0131rlar. Simgesel olarak \u00f6nemlidirler \u00e7\u00fcnk\u00fc her biri \u0130stanbul\u2019un simgelerindendir. \u015e\u00f6yle ki <strong>\u0130stanbul K\u00f6pr\u00fcleri<\/strong> asl\u0131nda iki k\u0131tay\u0131 birbirine ba\u011flamakla kalmazlar. \u0130ki farkl\u0131 d\u00fcnya g\u00f6r\u00fc\u015f\u00fcn\u00fc de birbirine ba\u011flarlar bir nevi. Tarih boyunca tabii bu k\u00f6pr\u00fcler bir\u00e7ok zorlu\u011fa katlanm\u0131\u015f bir\u00e7ok badireler atlatm\u0131\u015ft\u0131r. Teknolojinin de geli\u015fmesiyle birlikte modern tasar\u0131mlara evrilmi\u015f, yap\u0131sal olarak da g\u00fc\u00e7l\u00fc hale getirilmi\u015flerdir. \u0130stanbul&#8217;un \u00fcnl\u00fc k\u00f6pr\u00fcleri, ,insanl\u0131\u011f\u0131n hayat\u0131n\u0131 kolayla\u015ft\u0131ran yap\u0131lar olmalar\u0131yla birlikte \u0130stanbul Bo\u011faz\u0131\u2019n\u0131n da g\u00f6rsel \u015f\u00f6leninin olmazsa olmazlar\u0131lar.<\/span><\/p><div id=\"ez-toc-container\" class=\"ez-toc-v2_0_68_1 counter-hierarchy ez-toc-counter ez-toc-grey ez-toc-container-direction\">\n<div class=\"ez-toc-title-container\">\n<p class=\"ez-toc-title \" >\u0130&ccedil;indekiler<\/p>\n<span class=\"ez-toc-title-toggle\"><a href=\"#\" class=\"ez-toc-pull-right ez-toc-btn ez-toc-btn-xs ez-toc-btn-default ez-toc-toggle\" aria-label=\"Toggle Table of Content\"><span class=\"ez-toc-js-icon-con\"><span class=\"\"><span class=\"eztoc-hide\" style=\"display:none;\">Toggle<\/span><span class=\"ez-toc-icon-toggle-span\"><svg style=\"fill: #999;color:#999\" xmlns=\"http:\/\/www.w3.org\/2000\/svg\" class=\"list-377408\" width=\"20px\" height=\"20px\" viewBox=\"0 0 24 24\" fill=\"none\"><path d=\"M6 6H4v2h2V6zm14 0H8v2h12V6zM4 11h2v2H4v-2zm16 0H8v2h12v-2zM4 16h2v2H4v-2zm16 0H8v2h12v-2z\" fill=\"currentColor\"><\/path><\/svg><svg style=\"fill: #999;color:#999\" class=\"arrow-unsorted-368013\" xmlns=\"http:\/\/www.w3.org\/2000\/svg\" width=\"10px\" height=\"10px\" viewBox=\"0 0 24 24\" version=\"1.2\" baseProfile=\"tiny\"><path d=\"M18.2 9.3l-6.2-6.3-6.2 6.3c-.2.2-.3.4-.3.7s.1.5.3.7c.2.2.4.3.7.3h11c.3 0 .5-.1.7-.3.2-.2.3-.5.3-.7s-.1-.5-.3-.7zM5.8 14.7l6.2 6.3 6.2-6.3c.2-.2.3-.5.3-.7s-.1-.5-.3-.7c-.2-.2-.4-.3-.7-.3h-11c-.3 0-.5.1-.7.3-.2.2-.3.5-.3.7s.1.5.3.7z\"\/><\/svg><\/span><\/span><\/span><\/a><\/span><\/div>\n<nav><ul class='ez-toc-list ez-toc-list-level-1 ' ><li class='ez-toc-page-1 ez-toc-heading-level-2'><a class=\"ez-toc-link ez-toc-heading-1\" href=\"https:\/\/www.teknevia.com\/blog\/istanbulun-unlu-kopruleri\/#Bogazici_koprusu_1_Kopru\" title=\"Bo\u011fazi\u00e7i k\u00f6pr\u00fcs\u00fc (1. K\u00f6pr\u00fc)\">Bo\u011fazi\u00e7i k\u00f6pr\u00fcs\u00fc (1. K\u00f6pr\u00fc)<\/a><ul class='ez-toc-list-level-3' ><li class='ez-toc-heading-level-3'><a class=\"ez-toc-link ez-toc-heading-2\" href=\"https:\/\/www.teknevia.com\/blog\/istanbulun-unlu-kopruleri\/#Bogaz_koprusu_ne_zaman_yapildi\" title=\"Bo\u011faz k\u00f6pr\u00fcs\u00fc ne zaman yap\u0131ld\u0131?\">Bo\u011faz k\u00f6pr\u00fcs\u00fc ne zaman yap\u0131ld\u0131?<\/a><\/li><\/ul><\/li><li class='ez-toc-page-1 ez-toc-heading-level-2'><a class=\"ez-toc-link ez-toc-heading-3\" href=\"https:\/\/www.teknevia.com\/blog\/istanbulun-unlu-kopruleri\/#Fatih_Sultan_Mehmet_Koprusu_2_Kopru_%E2%80%93_FSM\" title=\"Fatih Sultan Mehmet K\u00f6pr\u00fcs\u00fc (2. K\u00f6pr\u00fc &#8211; FSM)\">Fatih Sultan Mehmet K\u00f6pr\u00fcs\u00fc (2. K\u00f6pr\u00fc &#8211; FSM)<\/a><ul class='ez-toc-list-level-3' ><li class='ez-toc-heading-level-3'><a class=\"ez-toc-link ez-toc-heading-4\" href=\"https:\/\/www.teknevia.com\/blog\/istanbulun-unlu-kopruleri\/#FSM_Koprusu_ne_zaman_yapildi\" title=\"FSM K\u00f6pr\u00fcs\u00fc ne zaman yap\u0131ld\u0131?\">FSM K\u00f6pr\u00fcs\u00fc ne zaman yap\u0131ld\u0131?<\/a><\/li><\/ul><\/li><li class='ez-toc-page-1 ez-toc-heading-level-2'><a class=\"ez-toc-link ez-toc-heading-5\" href=\"https:\/\/www.teknevia.com\/blog\/istanbulun-unlu-kopruleri\/#Yavuz_Sultan_Selim_Koprusu_3_Kopru\" title=\"Yavuz Sultan Selim K\u00f6pr\u00fcs\u00fc (3. K\u00f6pr\u00fc)\">Yavuz Sultan Selim K\u00f6pr\u00fcs\u00fc (3. K\u00f6pr\u00fc)<\/a><\/li><li class='ez-toc-page-1 ez-toc-heading-level-2'><a class=\"ez-toc-link ez-toc-heading-6\" href=\"https:\/\/www.teknevia.com\/blog\/istanbulun-unlu-kopruleri\/#Halic_Koprusu\" title=\"Hali\u00e7 K\u00f6pr\u00fcs\u00fc\">Hali\u00e7 K\u00f6pr\u00fcs\u00fc<\/a><\/li><li class='ez-toc-page-1 ez-toc-heading-level-2'><a class=\"ez-toc-link ez-toc-heading-7\" href=\"https:\/\/www.teknevia.com\/blog\/istanbulun-unlu-kopruleri\/#Galata_Koprusu\" title=\"Galata K\u00f6pr\u00fcs\u00fc\">Galata K\u00f6pr\u00fcs\u00fc<\/a><\/li><li class='ez-toc-page-1 ez-toc-heading-level-2'><a class=\"ez-toc-link ez-toc-heading-8\" href=\"https:\/\/www.teknevia.com\/blog\/istanbulun-unlu-kopruleri\/#Unkapani_Koprusu\" title=\"Unkapan\u0131 K\u00f6pr\u00fcs\u00fc\">Unkapan\u0131 K\u00f6pr\u00fcs\u00fc<\/a><\/li><li class='ez-toc-page-1 ez-toc-heading-level-2'><a class=\"ez-toc-link ez-toc-heading-9\" href=\"https:\/\/www.teknevia.com\/blog\/istanbulun-unlu-kopruleri\/#Istanbulun_Unlu_Koprulerine_Bir_de_Denizin_Uzerinden_Bakin\" title=\"\u0130stanbul&#8217;un \u00dcnl\u00fc K\u00f6pr\u00fclerine Bir de Denizin \u00dczerinden Bak\u0131n\">\u0130stanbul&#8217;un \u00dcnl\u00fc K\u00f6pr\u00fclerine Bir de Denizin \u00dczerinden Bak\u0131n<\/a><\/li><\/ul><\/nav><\/div>\n\n<h2><span class=\"ez-toc-section\" id=\"Bogazici_koprusu_1_Kopru\"><\/span><b>Bo\u011fazi\u00e7i k\u00f6pr\u00fcs\u00fc (1. K\u00f6pr\u00fc)<\/b><span class=\"ez-toc-section-end\"><\/span><\/h2>\n<figure id=\"attachment_305\" aria-describedby=\"caption-attachment-305\" style=\"width: 1024px\" class=\"wp-caption aligncenter\"><img decoding=\"async\" class=\"size-full wp-image-305\" src=\"https:\/\/www.teknevia.com\/blog\/wp-content\/uploads\/2023\/04\/resim_2023-04-11_123621710.png\" alt=\"Bo\u011fazi\u00e7i K\u00f6pr\u00fcs\u00fc (15 Temmuz \u015eehitler K\u00f6pr\u00fcs\u00fc)\" width=\"1024\" height=\"538\" srcset=\"https:\/\/www.teknevia.com\/blog\/wp-content\/uploads\/2023\/04\/resim_2023-04-11_123621710.png 1024w, https:\/\/www.teknevia.com\/blog\/wp-content\/uploads\/2023\/04\/resim_2023-04-11_123621710-300x158.png 300w, https:\/\/www.teknevia.com\/blog\/wp-content\/uploads\/2023\/04\/resim_2023-04-11_123621710-768x404.png 768w, https:\/\/www.teknevia.com\/blog\/wp-content\/uploads\/2023\/04\/resim_2023-04-11_123621710-150x79.png 150w, https:\/\/www.teknevia.com\/blog\/wp-content\/uploads\/2023\/04\/resim_2023-04-11_123621710-696x366.png 696w\" sizes=\"(max-width: 1024px) 100vw, 1024px\" \/><figcaption id=\"caption-attachment-305\" class=\"wp-caption-text\">Bo\u011fazi\u00e7i K\u00f6pr\u00fcs\u00fc (15 Temmuz \u015eehitler K\u00f6pr\u00fcs\u00fc)<\/figcaption><\/figure>\n<p><span style=\"font-weight: 400;\">15 Temmuz \u015eehitler K\u00f6pr\u00fcs\u00fc eski ad\u0131yla Bo\u011fazi\u00e7i k\u00f6pr\u00fcs\u00fc, Asya ve Avrupa k\u0131tas\u0131n\u0131 ba\u011flayan 3 k\u00f6pr\u00fcden biridir. \u0130stanbul&#8217;un \u00fcnl\u00fc k\u00f6pr\u00fcleri dendi\u011finde akla ilk gelenlerdendir. K\u00f6pr\u00fcn\u00fcn Anadolu yakas\u0131 ayaklar\u0131 \u00dcsk\u00fcdar\u2019\u0131n Beylerbeyi semtinde Avrupa yakas\u0131 ayaklar\u0131 ise Ortak\u00f6y semtindedir. 1973 y\u0131l\u0131nda yap\u0131m\u0131 tamamlanan k\u00f6pr\u00fc zaman\u0131n\u0131n en uzun asma k\u00f6pr\u00fclerindendir. Ticari kamyonlar\u0131n kullan\u0131m\u0131na yasakt\u0131r. 1950\u2019li y\u0131llara kadar \u0130stanbul\u2019da b\u00f6yle bir k\u00f6pr\u00fc i\u00e7in projeler \u00fcretilmi\u015f ama \u201cbo\u011fazda k\u00f6pr\u00fc y\u0131k\u0131l\u0131r, bo\u011faza k\u00f6pr\u00fc m\u00fc olur\u201d gibi tepkilerle kar\u015f\u0131la\u015f\u0131lm\u0131\u015ft\u0131r.<\/span><\/p>\n<h3><span class=\"ez-toc-section\" id=\"Bogaz_koprusu_ne_zaman_yapildi\"><\/span><b>Bo\u011faz k\u00f6pr\u00fcs\u00fc ne zaman yap\u0131ld\u0131?<\/b><span class=\"ez-toc-section-end\"><\/span><\/h3>\n<p><span style=\"font-weight: 400;\">Bo\u011fazi\u00e7i K\u00f6pr\u00fcs\u00fc (1. K\u00f6pr\u00fc) 30 Ekim 1973 tarihinde yap\u0131lm\u0131\u015ft\u0131r.<\/span><\/p>\n<h2><span class=\"ez-toc-section\" id=\"Fatih_Sultan_Mehmet_Koprusu_2_Kopru_%E2%80%93_FSM\"><\/span><b>Fatih Sultan Mehmet K\u00f6pr\u00fcs\u00fc (2. K\u00f6pr\u00fc &#8211; FSM)<\/b><span class=\"ez-toc-section-end\"><\/span><\/h2>\n<figure id=\"attachment_306\" aria-describedby=\"caption-attachment-306\" style=\"width: 1200px\" class=\"wp-caption aligncenter\"><img decoding=\"async\" class=\"size-full wp-image-306\" src=\"https:\/\/www.teknevia.com\/blog\/wp-content\/uploads\/2023\/04\/resim_2023-04-11_123718222.png\" alt=\"Fatih Sultan Mehmet K\u00f6pr\u00fcs\u00fc\" width=\"1200\" height=\"769\" srcset=\"https:\/\/www.teknevia.com\/blog\/wp-content\/uploads\/2023\/04\/resim_2023-04-11_123718222.png 1200w, https:\/\/www.teknevia.com\/blog\/wp-content\/uploads\/2023\/04\/resim_2023-04-11_123718222-300x192.png 300w, https:\/\/www.teknevia.com\/blog\/wp-content\/uploads\/2023\/04\/resim_2023-04-11_123718222-1024x656.png 1024w, https:\/\/www.teknevia.com\/blog\/wp-content\/uploads\/2023\/04\/resim_2023-04-11_123718222-768x492.png 768w, https:\/\/www.teknevia.com\/blog\/wp-content\/uploads\/2023\/04\/resim_2023-04-11_123718222-150x96.png 150w, https:\/\/www.teknevia.com\/blog\/wp-content\/uploads\/2023\/04\/resim_2023-04-11_123718222-696x446.png 696w, https:\/\/www.teknevia.com\/blog\/wp-content\/uploads\/2023\/04\/resim_2023-04-11_123718222-1068x684.png 1068w\" sizes=\"(max-width: 1200px) 100vw, 1200px\" \/><figcaption id=\"caption-attachment-306\" class=\"wp-caption-text\">Fatih Sultan Mehmet K\u00f6pr\u00fcs\u00fc<\/figcaption><\/figure>\n<p><span style=\"font-weight: 400;\">\u0130stanbul bo\u011faz\u0131nda iki k\u0131tay\u0131 birbirine ba\u011flayan yap\u0131m s\u0131ras\u0131na g\u00f6re 2. k\u00f6pr\u00fcd\u00fcr. 1988 y\u0131l\u0131nda in\u015fa edilmi\u015f bu k\u00f6pr\u00fcde bir\u00e7ok firma \u00e7al\u0131\u015fm\u0131\u015ft\u0131r. K\u00f6pr\u00fcn\u00fcn ayaklar\u0131 Anadolu yakas\u0131nda Kavac\u0131k b\u00f6lgesinde Avrupa yakas\u0131nda ise Hisar\u00fcst\u00fc&#8217;ndedir. Bo\u011fazi\u00e7i k\u00f6pr\u00fcs\u00fcne oranla daha \u00e7ok ticari kamyonlar\u0131n kulland\u0131\u011f\u0131 bir k\u00f6pr\u00fcd\u00fcr. \u00d6zel ara\u00e7lar\u0131n da kullan\u0131m\u0131na a\u00e7\u0131k olan k\u00f6pr\u00fcden ilk ge\u00e7en otomobil ise d\u00f6nemin ba\u015fbakan\u0131 Turgut \u00d6zal\u2019\u0131nd\u0131r.\u00a0<\/span><\/p>\n<h3><span class=\"ez-toc-section\" id=\"FSM_Koprusu_ne_zaman_yapildi\"><\/span><b>FSM K\u00f6pr\u00fcs\u00fc ne zaman yap\u0131ld\u0131?<\/b><span class=\"ez-toc-section-end\"><\/span><\/h3>\n<p><span style=\"font-weight: 400;\">Fatih Sultan Mehmet K\u00f6pr\u00fcs\u00fc (2.K\u00f6pr\u00fc), 3 Temmuz 1988 tarihinde yap\u0131lm\u0131\u015ft\u0131r.<\/span><\/p>\n<h2><span class=\"ez-toc-section\" id=\"Yavuz_Sultan_Selim_Koprusu_3_Kopru\"><\/span><b>Yavuz Sultan Selim K\u00f6pr\u00fcs\u00fc (3. K\u00f6pr\u00fc)<\/b><span class=\"ez-toc-section-end\"><\/span><\/h2>\n<figure id=\"attachment_307\" aria-describedby=\"caption-attachment-307\" style=\"width: 1368px\" class=\"wp-caption aligncenter\"><img decoding=\"async\" class=\"size-full wp-image-307\" src=\"https:\/\/www.teknevia.com\/blog\/wp-content\/uploads\/2023\/04\/resim_2023-04-11_123819644.png\" alt=\"Yavuz Sultan Selim K\u00f6pr\u00fcs\u00fc\" width=\"1368\" height=\"911\" srcset=\"https:\/\/www.teknevia.com\/blog\/wp-content\/uploads\/2023\/04\/resim_2023-04-11_123819644.png 1368w, https:\/\/www.teknevia.com\/blog\/wp-content\/uploads\/2023\/04\/resim_2023-04-11_123819644-300x200.png 300w, https:\/\/www.teknevia.com\/blog\/wp-content\/uploads\/2023\/04\/resim_2023-04-11_123819644-1024x682.png 1024w, https:\/\/www.teknevia.com\/blog\/wp-content\/uploads\/2023\/04\/resim_2023-04-11_123819644-768x511.png 768w, https:\/\/www.teknevia.com\/blog\/wp-content\/uploads\/2023\/04\/resim_2023-04-11_123819644-150x100.png 150w, https:\/\/www.teknevia.com\/blog\/wp-content\/uploads\/2023\/04\/resim_2023-04-11_123819644-696x463.png 696w, https:\/\/www.teknevia.com\/blog\/wp-content\/uploads\/2023\/04\/resim_2023-04-11_123819644-1068x711.png 1068w\" sizes=\"(max-width: 1368px) 100vw, 1368px\" \/><figcaption id=\"caption-attachment-307\" class=\"wp-caption-text\">Yavuz Sultan Selim K\u00f6pr\u00fcs\u00fc<\/figcaption><\/figure>\n<p><span style=\"font-weight: 400;\">\u0130smini Osmanl\u0131 Padi\u015fah\u0131 Yavuz Sultan Selim\u2019den alan k\u00f6pr\u00fc 2016 y\u0131l\u0131nda hizmete a\u00e7\u0131lm\u0131\u015ft\u0131r. Anadolu ve Avrupa yakas\u0131n\u0131 \u0130stanbulun en kuzeyinde birbirine ba\u011flayan k\u00f6pr\u00fcd\u00fcr. Yavuz Sultan Selim K\u00f6pr\u00fcs\u00fc ayaklar\u0131 anadolu yakas\u0131nda Beykoz il\u00e7esinin Poyrazk\u00f6y b\u00f6lgesi, avrupa yakas\u0131nda ise Sar\u0131yer il\u00e7esinin Garip\u00e7e mahallesi g\u00fczerg\u00e2h\u0131ndad\u0131r. Genellikle \u0130stanbul\u2019da yap\u0131lan karadeniz y\u00fczme turlar\u0131nda tekneler Yavuz Sultan Selim k\u00f6pr\u00fcs\u00fcne yak\u0131n bir lokasyonda demirlemektedir. \u0130stanbul&#8217;un \u00dcnl\u00fc K\u00f6pr\u00fcleri i\u00e7erisinde en yenisidir.<\/span><\/p>\n<h2><span class=\"ez-toc-section\" id=\"Halic_Koprusu\"><\/span><b>Hali\u00e7 K\u00f6pr\u00fcs\u00fc<\/b><span class=\"ez-toc-section-end\"><\/span><\/h2>\n<figure id=\"attachment_308\" aria-describedby=\"caption-attachment-308\" style=\"width: 864px\" class=\"wp-caption aligncenter\"><img decoding=\"async\" class=\"size-full wp-image-308\" src=\"https:\/\/www.teknevia.com\/blog\/wp-content\/uploads\/2023\/04\/resim_2023-04-11_134544493.png\" alt=\"Hali\u00e7 K\u00f6pr\u00fcs\u00fc\" width=\"864\" height=\"486\" srcset=\"https:\/\/www.teknevia.com\/blog\/wp-content\/uploads\/2023\/04\/resim_2023-04-11_134544493.png 864w, https:\/\/www.teknevia.com\/blog\/wp-content\/uploads\/2023\/04\/resim_2023-04-11_134544493-300x169.png 300w, https:\/\/www.teknevia.com\/blog\/wp-content\/uploads\/2023\/04\/resim_2023-04-11_134544493-768x432.png 768w, https:\/\/www.teknevia.com\/blog\/wp-content\/uploads\/2023\/04\/resim_2023-04-11_134544493-150x84.png 150w, https:\/\/www.teknevia.com\/blog\/wp-content\/uploads\/2023\/04\/resim_2023-04-11_134544493-696x392.png 696w\" sizes=\"(max-width: 864px) 100vw, 864px\" \/><figcaption id=\"caption-attachment-308\" class=\"wp-caption-text\">Hali\u00e7 K\u00f6pr\u00fcs\u00fc<\/figcaption><\/figure>\n<p><span style=\"font-weight: 400;\">Hali\u00e7 K\u00f6pr\u00fcs\u00fc 1974 y\u0131l\u0131nda hizmete a\u00e7\u0131lm\u0131\u015ft\u0131r. Hali\u00e7 k\u00f6pr\u00fcs\u00fc Hal\u0131c\u0131o\u011flu ve Ayvansaray semtlerini birbirine ba\u011flamaktad\u0131r. K\u00f6pr\u00fcn\u00fcn yap\u0131lma tarihine bakt\u0131\u011f\u0131m\u0131zda 15 Temmuz K\u00f6pr\u00fcs\u00fc (Bo\u011fazi\u00e7i K\u00f6pr\u00fcs\u00fc) ile ayn\u0131 anda yap\u0131m\u0131na ba\u015flanm\u0131\u015ft\u0131r. Ancak Bo\u011fazi\u00e7i k\u00f6pr\u00fcs\u00fc daha erken hizmete sunulmu\u015ftur. Metal malzemeden yap\u0131lm\u0131\u015f olan k\u00f6pr\u00fcye bir\u00e7ok kez fazla kullan\u0131mdan dolay\u0131 bak\u0131m yap\u0131lm\u0131\u015ft\u0131r.<\/span><\/p>\n<h2><span class=\"ez-toc-section\" id=\"Galata_Koprusu\"><\/span><b>Galata K\u00f6pr\u00fcs\u00fc<\/b><span class=\"ez-toc-section-end\"><\/span><\/h2>\n<figure id=\"attachment_309\" aria-describedby=\"caption-attachment-309\" style=\"width: 1200px\" class=\"wp-caption aligncenter\"><img decoding=\"async\" class=\"size-full wp-image-309\" src=\"https:\/\/www.teknevia.com\/blog\/wp-content\/uploads\/2023\/04\/resim_2023-04-11_134849160.png\" alt=\"Galata K\u00f6pr\u00fcs\u00fc\" width=\"1200\" height=\"630\" srcset=\"https:\/\/www.teknevia.com\/blog\/wp-content\/uploads\/2023\/04\/resim_2023-04-11_134849160.png 1200w, https:\/\/www.teknevia.com\/blog\/wp-content\/uploads\/2023\/04\/resim_2023-04-11_134849160-300x158.png 300w, https:\/\/www.teknevia.com\/blog\/wp-content\/uploads\/2023\/04\/resim_2023-04-11_134849160-1024x538.png 1024w, https:\/\/www.teknevia.com\/blog\/wp-content\/uploads\/2023\/04\/resim_2023-04-11_134849160-768x403.png 768w, https:\/\/www.teknevia.com\/blog\/wp-content\/uploads\/2023\/04\/resim_2023-04-11_134849160-150x79.png 150w, https:\/\/www.teknevia.com\/blog\/wp-content\/uploads\/2023\/04\/resim_2023-04-11_134849160-696x365.png 696w, https:\/\/www.teknevia.com\/blog\/wp-content\/uploads\/2023\/04\/resim_2023-04-11_134849160-1068x561.png 1068w\" sizes=\"(max-width: 1200px) 100vw, 1200px\" \/><figcaption id=\"caption-attachment-309\" class=\"wp-caption-text\">Galata K\u00f6pr\u00fcs\u00fc<\/figcaption><\/figure>\n<p><span style=\"font-weight: 400;\">Galata K\u00f6pr\u00fcs\u00fc Emin\u00f6n\u00fc ve Karak\u00f6y semtlerini birbirine ba\u011flayan k\u00f6pr\u00fcd\u00fcr. Tarih boyunca Hali\u00e7\u2019e bir\u00e7ok k\u00f6pr\u00fc yap\u0131ld\u0131. Bilinen ilk Hali\u00e7\u2019i birle\u015ftiren k\u00f6pr\u00fc ise 1845 y\u0131l\u0131nda yap\u0131lan Galata K\u00f6pr\u00fcs\u00fc idi. Y\u0131llar ge\u00e7tik\u00e7e <a href=\"https:\/\/www.teknevia.com\/blog\/turkiye\/istanbul\/\">\u0130stanbul<\/a>\u2019un \u00f6nemli simgelerinden biri olan k\u00f6pr\u00fcye bir\u00e7ok g\u00fc\u00e7lendirme yap\u0131ld\u0131. Galata Kulesinden ise \u00e7ok kolay bir \u015fekilde g\u00f6r\u00fclmektedir. \u015euan ki hali 1994 y\u0131l\u0131nda hizmete a\u00e7\u0131lan Galata K\u00f6pr\u00fcs\u00fc en \u00e7ok kullan\u0131lan k\u00f6pr\u00fclerden biridir. K\u00f6pr\u00fcn\u00fcn alt\u0131ndaki bal\u0131k restoranlar\u0131 \u0130stanbul\u2019a gelen bal\u0131k severlerin ilgisini \u00e7ekiyor. \u00d6te yandan Galata K\u00f6pr\u00fcs\u00fc \u00fczerinden tramvay ge\u00e7en nadir k\u00f6pr\u00fclerdendir. Emin\u00f6n\u00fc veya Karak\u00f6y b\u00f6lgesinden tekne kiralad\u0131\u011f\u0131n\u0131zda kolayl\u0131kla g\u00f6rebilece\u011finiz bir k\u00f6pr\u00fcd\u00fcr.<\/span><\/p>\n<h2><span class=\"ez-toc-section\" id=\"Unkapani_Koprusu\"><\/span><b>Unkapan\u0131 K\u00f6pr\u00fcs\u00fc<\/b><span class=\"ez-toc-section-end\"><\/span><\/h2>\n<figure id=\"attachment_310\" aria-describedby=\"caption-attachment-310\" style=\"width: 864px\" class=\"wp-caption aligncenter\"><img decoding=\"async\" class=\"size-full wp-image-310\" src=\"https:\/\/www.teknevia.com\/blog\/wp-content\/uploads\/2023\/04\/resim_2023-04-11_134936243.png\" alt=\"Unkapan\u0131 K\u00f6pr\u00fcs\u00fc\" width=\"864\" height=\"486\" srcset=\"https:\/\/www.teknevia.com\/blog\/wp-content\/uploads\/2023\/04\/resim_2023-04-11_134936243.png 864w, https:\/\/www.teknevia.com\/blog\/wp-content\/uploads\/2023\/04\/resim_2023-04-11_134936243-300x169.png 300w, https:\/\/www.teknevia.com\/blog\/wp-content\/uploads\/2023\/04\/resim_2023-04-11_134936243-768x432.png 768w, https:\/\/www.teknevia.com\/blog\/wp-content\/uploads\/2023\/04\/resim_2023-04-11_134936243-150x84.png 150w, https:\/\/www.teknevia.com\/blog\/wp-content\/uploads\/2023\/04\/resim_2023-04-11_134936243-696x392.png 696w\" sizes=\"(max-width: 864px) 100vw, 864px\" \/><figcaption id=\"caption-attachment-310\" class=\"wp-caption-text\">Unkapan\u0131 K\u00f6pr\u00fcs\u00fc<\/figcaption><\/figure>\n<p><span style=\"font-weight: 400;\">Unkapan\u0131 k\u00f6pr\u00fcs\u00fcn\u00fcn bir di\u011fer ad\u0131 Atat\u00fcrk K\u00f6pr\u00fcs\u00fcd\u00fcr. Tarihi yar\u0131maday\u0131 Beyo\u011flu yakas\u0131na ba\u011flayan k\u00f6pr\u00fcd\u00fcr. Ge\u00e7mi\u015ften bug\u00fcne bir\u00e7ok badireler atlatm\u0131\u015f olan k\u00f6pr\u00fcn\u00fcn k\u0131saca tarihi \u015fu \u015fekildedir. 2. Mahmut\u2019un e\u015fi Bezmialem Valide Sultan taraf\u0131ndan 1836 y\u0131l\u0131nda ah\u015fam malzemeden in\u015fa ettirilmi\u015ftir. Uzunca bir s\u00fcre Hayratiye k\u00f6pr\u00fcs\u00fc olarak da isimlendirilmi\u015ftir. Bunun sebebi ise k\u00f6pr\u00fc ge\u00e7i\u015finden \u00fccret al\u0131nmamas\u0131 idi. Y\u0131llar i\u00e7inde eskiyen k\u00f6pr\u00fc 1875 y\u0131l\u0131nda metal malzemeden tekrar in\u015fa edildi. Bu tarihten 1912 y\u0131l\u0131na kadar hizmete a\u00e7\u0131k olan k\u00f6pr\u00fc tekrar bir metal k\u00f6pr\u00fc ile de\u011fi\u015ftirildi. Son yap\u0131lan k\u00f6pr\u00fc ise 1936 y\u0131l\u0131nda \u015fiddetli bir f\u0131rt\u0131nada yap\u0131lm\u0131\u015ft\u0131r. Bundan sonra tekrardan ah\u015faptan yap\u0131lan bu k\u00f6pr\u00fc g\u00fc\u00e7lendirme \u00e7al\u0131\u015fmalar\u0131yla g\u00fcn\u00fcm\u00fcze kadar devam etmi\u015ftir. As\u0131l bu k\u00f6pr\u00fcye Atat\u00fcrk K\u00f6pr\u00fcs\u00fc denmektedir ancak hala g\u00fcn\u00fcm\u00fczde Unkapan\u0131 K\u00f6pr\u00fcs\u00fc ismi kullan\u0131lmaktad\u0131r.<\/span><\/p>\n<h2><span class=\"ez-toc-section\" id=\"Istanbulun_Unlu_Koprulerine_Bir_de_Denizin_Uzerinden_Bakin\"><\/span><b>\u0130stanbul&#8217;un \u00dcnl\u00fc K\u00f6pr\u00fclerine Bir de Denizin \u00dczerinden Bak\u0131n<\/b><span class=\"ez-toc-section-end\"><\/span><\/h2>\n<p><span style=\"font-weight: 400;\">Teknevia \u00fczerinden \u00e7ok kolay bir \u015fekilde tekne kiralayarak \u0130stanbul K\u00f6pr\u00fclerini denizin \u00fczerinden de g\u00f6rebilirsiniz. Hem g\u00fcnd\u00fcz hem de gece ayr\u0131 bir g\u00f6rsel \u015f\u00f6len yaratan bu k\u00f6pr\u00fcler, adeta bo\u011faz\u0131n tak\u0131lar\u0131d\u0131r. Siz de yeni nesil <a href=\"https:\/\/www.teknevia.com\/\">tekne kiralama<\/a> platformu sayesinde teknenizi online rezerve edin ve teknenizin sizin i\u00e7in haz\u0131rland\u0131\u011f\u0131ndan emin olun! Kiral\u0131k tekneleri incelemek i\u00e7in hemen t\u0131klay\u0131n!<\/span><\/p>\n","protected":false},"excerpt":{"rendered":"<p>Deniz yap\u0131s\u0131 sebebiyle \u0130stanbul Bo\u011faz\u0131\u2019nda bir\u00e7ok k\u00f6pr\u00fc bulunmaktad\u0131r. Bunlar \u0130stanbul denilince ilk akla gelenlerdendir diyebiliriz. \u0130stanbul&#8217;un \u00fcnl\u00fc k\u00f6pr\u00fcleri hem simgesel olarak hem de pratik olarak b\u00fcy\u00fck \u00f6neme sahiptir. Pratikte b\u00fcy\u00fck \u00f6neme sahiptir \u00e7\u00fcnk\u00fc ula\u015f\u0131m\u0131 muazzam \u015fekilde kolayla\u015ft\u0131rmaktad\u0131rlar. Simgesel olarak \u00f6nemlidirler \u00e7\u00fcnk\u00fc her biri \u0130stanbul\u2019un simgelerindendir. \u015e\u00f6yle ki \u0130stanbul K\u00f6pr\u00fcleri asl\u0131nda iki k\u0131tay\u0131 birbirine ba\u011flamakla kalmazlar. [&hellip;]<\/p>\n","protected":false},"author":1,"featured_media":311,"comment_status":"open","ping_status":"open","sticky":false,"template":"","format":"standard","meta":[],"categories":[6],"tags":[],"_links":{"self":[{"href":"https:\/\/www.teknevia.com\/blog\/wp-json\/wp\/v2\/posts\/304"}],"collection":[{"href":"https:\/\/www.teknevia.com\/blog\/wp-json\/wp\/v2\/posts"}],"about":[{"href":"https:\/\/www.teknevia.com\/blog\/wp-json\/wp\/v2\/types\/post"}],"author":[{"embeddable":true,"href":"https:\/\/www.teknevia.com\/blog\/wp-json\/wp\/v2\/users\/1"}],"replies":[{"embeddable":true,"href":"https:\/\/www.teknevia.com\/blog\/wp-json\/wp\/v2\/comments?post=304"}],"version-history":[{"count":2,"href":"https:\/\/www.teknevia.com\/blog\/wp-json\/wp\/v2\/posts\/304\/revisions"}],"predecessor-version":[{"id":720,"href":"https:\/\/www.teknevia.com\/blog\/wp-json\/wp\/v2\/posts\/304\/revisions\/720"}],"wp:featuredmedia":[{"embeddable":true,"href":"https:\/\/www.teknevia.com\/blog\/wp-json\/wp\/v2\/media\/311"}],"wp:attachment":[{"href":"https:\/\/www.teknevia.com\/blog\/wp-json\/wp\/v2\/media?parent=304"}],"wp:term":[{"taxonomy":"category","embeddable":true,"href":"https:\/\/www.teknevia.com\/blog\/wp-json\/wp\/v2\/categories?post=304"},{"taxonomy":"post_tag","embeddable":true,"href":"https:\/\/www.teknevia.com\/blog\/wp-json\/wp\/v2\/tags?post=304"}],"curies":[{"name":"wp","href":"https:\/\/api.w.org\/{rel}","templated":true}]}}