{"id":313,"date":"2023-04-12T10:13:16","date_gmt":"2023-04-12T07:13:16","guid":{"rendered":"https:\/\/blog.teknevia.com\/?p=313"},"modified":"2024-07-04T21:33:03","modified_gmt":"2024-07-04T18:33:03","slug":"beylerbeyi-sarayi-rehberi","status":"publish","type":"post","link":"https:\/\/www.teknevia.com\/blog\/beylerbeyi-sarayi-rehberi","title":{"rendered":"Beylerbeyi Saray\u0131 Rehberi"},"content":{"rendered":"<p><span style=\"font-weight: 400;\">G\u00fczelli\u011fiyle dillere destan \u0130stanbul, bir\u00e7ok saraya ev sahipli\u011fi yapmaktad\u0131r. Bunlardan biri de \u0130stanbul\u2019un en g\u00f6zde semtlerinden biri olan \u00dcsk\u00fcdar\u2019da bulunan, mimarisi ve manzaras\u0131yla ziyaret\u00e7ilerin g\u00f6rmek i\u00e7in ak\u0131n etti\u011fi tarihi Beylerbeyi Saray\u0131\u2019d\u0131r.<\/span><\/p><div id=\"ez-toc-container\" class=\"ez-toc-v2_0_68_1 counter-hierarchy ez-toc-counter ez-toc-grey ez-toc-container-direction\">\n<div class=\"ez-toc-title-container\">\n<p class=\"ez-toc-title \" >\u0130&ccedil;indekiler<\/p>\n<span class=\"ez-toc-title-toggle\"><a href=\"#\" class=\"ez-toc-pull-right ez-toc-btn ez-toc-btn-xs ez-toc-btn-default ez-toc-toggle\" aria-label=\"Toggle Table of Content\"><span class=\"ez-toc-js-icon-con\"><span class=\"\"><span class=\"eztoc-hide\" style=\"display:none;\">Toggle<\/span><span class=\"ez-toc-icon-toggle-span\"><svg style=\"fill: #999;color:#999\" xmlns=\"http:\/\/www.w3.org\/2000\/svg\" class=\"list-377408\" width=\"20px\" height=\"20px\" viewBox=\"0 0 24 24\" fill=\"none\"><path d=\"M6 6H4v2h2V6zm14 0H8v2h12V6zM4 11h2v2H4v-2zm16 0H8v2h12v-2zM4 16h2v2H4v-2zm16 0H8v2h12v-2z\" fill=\"currentColor\"><\/path><\/svg><svg style=\"fill: #999;color:#999\" class=\"arrow-unsorted-368013\" xmlns=\"http:\/\/www.w3.org\/2000\/svg\" width=\"10px\" height=\"10px\" viewBox=\"0 0 24 24\" version=\"1.2\" baseProfile=\"tiny\"><path d=\"M18.2 9.3l-6.2-6.3-6.2 6.3c-.2.2-.3.4-.3.7s.1.5.3.7c.2.2.4.3.7.3h11c.3 0 .5-.1.7-.3.2-.2.3-.5.3-.7s-.1-.5-.3-.7zM5.8 14.7l6.2 6.3 6.2-6.3c.2-.2.3-.5.3-.7s-.1-.5-.3-.7c-.2-.2-.4-.3-.7-.3h-11c-.3 0-.5.1-.7.3-.2.2-.3.5-.3.7s.1.5.3.7z\"\/><\/svg><\/span><\/span><\/span><\/a><\/span><\/div>\n<nav><ul class='ez-toc-list ez-toc-list-level-1 ' ><li class='ez-toc-page-1 ez-toc-heading-level-2'><a class=\"ez-toc-link ez-toc-heading-1\" href=\"https:\/\/www.teknevia.com\/blog\/beylerbeyi-sarayi-rehberi\/#Beylerbeyi_Sarayinin_Tarihi_Ve_Yapimi\" title=\"Beylerbeyi Saray\u0131\u2019n\u0131n Tarihi Ve Yap\u0131m\u0131\">Beylerbeyi Saray\u0131\u2019n\u0131n Tarihi Ve Yap\u0131m\u0131<\/a><\/li><li class='ez-toc-page-1 ez-toc-heading-level-2'><a class=\"ez-toc-link ez-toc-heading-2\" href=\"https:\/\/www.teknevia.com\/blog\/beylerbeyi-sarayi-rehberi\/#Beylerbeyi_Sarayinin_Mimarisi\" title=\"Beylerbeyi Saray\u0131\u2019n\u0131n Mimarisi\">Beylerbeyi Saray\u0131\u2019n\u0131n Mimarisi<\/a><\/li><li class='ez-toc-page-1 ez-toc-heading-level-2'><a class=\"ez-toc-link ez-toc-heading-3\" href=\"https:\/\/www.teknevia.com\/blog\/beylerbeyi-sarayi-rehberi\/#Beylerbeyi_Sarayinin_Bolumleri\" title=\"Beylerbeyi Saray\u0131\u2019n\u0131n B\u00f6l\u00fcmleri\">Beylerbeyi Saray\u0131\u2019n\u0131n B\u00f6l\u00fcmleri<\/a><\/li><li class='ez-toc-page-1 ez-toc-heading-level-2'><a class=\"ez-toc-link ez-toc-heading-4\" href=\"https:\/\/www.teknevia.com\/blog\/beylerbeyi-sarayi-rehberi\/#Beylerbeyi_Sarayinin_Agirladigi_Onemli_Misafirler\" title=\"Beylerbeyi Saray\u0131\u2019n\u0131n A\u011f\u0131rlad\u0131\u011f\u0131 \u00d6nemli Misafirler\">Beylerbeyi Saray\u0131\u2019n\u0131n A\u011f\u0131rlad\u0131\u011f\u0131 \u00d6nemli Misafirler<\/a><\/li><li class='ez-toc-page-1 ez-toc-heading-level-2'><a class=\"ez-toc-link ez-toc-heading-5\" href=\"https:\/\/www.teknevia.com\/blog\/beylerbeyi-sarayi-rehberi\/#Beylerbeyi_Sarayina_Ulasim\" title=\"Beylerbeyi Saray\u0131\u2019na Ula\u015f\u0131m\">Beylerbeyi Saray\u0131\u2019na Ula\u015f\u0131m<\/a><\/li><li class='ez-toc-page-1 ez-toc-heading-level-2'><a class=\"ez-toc-link ez-toc-heading-6\" href=\"https:\/\/www.teknevia.com\/blog\/beylerbeyi-sarayi-rehberi\/#Beylerbeyi_Sarayi_Giris_Ucreti_ve_Ziyaret_Saatleri\" title=\"Beylerbeyi Saray\u0131 Giri\u015f \u00dccreti ve Ziyaret Saatleri\">Beylerbeyi Saray\u0131 Giri\u015f \u00dccreti ve Ziyaret Saatleri<\/a><\/li><\/ul><\/nav><\/div>\n\n<p><span style=\"font-weight: 400;\">Saray\u0131n oldu\u011fu gibi bulundu\u011fu b\u00f6lge de k\u00f6kl\u00fc bir ge\u00e7mi\u015fe sahiptir.\u00a0 Bizans D\u00f6nemi\u2019nde dikilmi\u015f olan devasa ha\u00e7tan dolay\u0131 \u0130stavroz (Stavroz) ismini alan bu b\u00f6lge, 2. Konstantinos\u2019un kasaba haline getirdi\u011fi bir yerdir. Fakat \u0130stanbul\u2019un fethinden sonra bu b\u00f6lgeye ya\u015fayan hi\u00e7 gayrim\u00fcslim n\u00fcfusu kaydedilmemi\u015ftir.<\/span><\/p>\n<p><span style=\"font-weight: 400;\">Bu g\u00f6lgede Bizans D\u00f6nemi\u2019nde yapt\u0131r\u0131lan kiliselerin 17.y\u00fczy\u0131la kadar ayakta oldu\u011fu bilinmektedir. Osmanl\u0131 ad\u0131na yap\u0131lm\u0131\u015f ilk yap\u0131n\u0131n ise II. Selim\u2019in k\u0131z\u0131 i\u00e7in yapt\u0131rd\u0131\u011f\u0131 k\u00f6\u015fk oldu\u011fu s\u00f6ylenmektedir. Zamanla \u00e7e\u015fitli padi\u015fahlar\u0131n, e\u015fleri ve anneleri i\u00e7in k\u00f6\u015fkler ve kas\u0131rlar yapt\u0131rmas\u0131 \u00fczerine padi\u015fahlar\u0131n hasbah\u00e7esi olarak kullan\u0131lmaya ba\u015flanan Stavroz B\u00f6lgesi\u2019ndeki bu yap\u0131lar III. Mustafa D\u00f6nemi\u2019nde y\u0131kt\u0131r\u0131lm\u0131\u015f ve arsalar\u0131 halka sat\u0131lm\u0131\u015ft\u0131r.\u00a0\u00a0<\/span><\/p>\n<h2><span class=\"ez-toc-section\" id=\"Beylerbeyi_Sarayinin_Tarihi_Ve_Yapimi\"><\/span><b>Beylerbeyi Saray\u0131\u2019n\u0131n Tarihi Ve Yap\u0131m\u0131<\/b><span class=\"ez-toc-section-end\"><\/span><\/h2>\n<p><span style=\"font-weight: 400;\">Bir\u00e7ok milletten ve dinden insan a\u011f\u0131rlayan b\u00f6lgeye 1829 y\u0131l\u0131nda II. Mahmut taraf\u0131ndan G\u00fcn\u00fcm\u00fczdeki Beylerbeyi Saray\u0131\u2019n\u0131n temelleri olacak olan ah\u015fap bir saray yapt\u0131r\u0131lm\u0131\u015ft\u0131r. Devrin en b\u00fcy\u00fck sahilsaray\u0131 olarak bilinen bu yer Mermer K\u00f6\u015fk, Sar\u0131 K\u00f6\u015fk, Mabeyin ve Harem daireleri, \u015eevkabad, K\u00fc\u00e7\u00fckyal\u0131, B\u00fcy\u00fckyal\u0131 ve bendegan daireleri, hamamlar, mutfaklar ve ah\u0131rlardan olu\u015fmaktad\u0131r. Yazl\u0131k saray olarak yap\u0131lm\u0131\u015f olan bu ah\u015fap saray zamanla \u015fehzadelerin yaz\u0131n e\u011fitim ald\u0131klar\u0131 yer haline gelmi\u015ftir.\u00a0<\/span><\/p>\n<figure id=\"attachment_317\" aria-describedby=\"caption-attachment-317\" style=\"width: 837px\" class=\"wp-caption aligncenter\"><img decoding=\"async\" class=\"size-full wp-image-317\" src=\"https:\/\/www.teknevia.com\/blog\/wp-content\/uploads\/2023\/04\/resim_2023-04-11_142053937.png\" alt=\"Beylerbeyi Saray\u0131 Tarihi\" width=\"837\" height=\"574\" srcset=\"https:\/\/www.teknevia.com\/blog\/wp-content\/uploads\/2023\/04\/resim_2023-04-11_142053937.png 837w, https:\/\/www.teknevia.com\/blog\/wp-content\/uploads\/2023\/04\/resim_2023-04-11_142053937-300x206.png 300w, https:\/\/www.teknevia.com\/blog\/wp-content\/uploads\/2023\/04\/resim_2023-04-11_142053937-768x527.png 768w, https:\/\/www.teknevia.com\/blog\/wp-content\/uploads\/2023\/04\/resim_2023-04-11_142053937-150x103.png 150w, https:\/\/www.teknevia.com\/blog\/wp-content\/uploads\/2023\/04\/resim_2023-04-11_142053937-218x150.png 218w, https:\/\/www.teknevia.com\/blog\/wp-content\/uploads\/2023\/04\/resim_2023-04-11_142053937-696x477.png 696w\" sizes=\"(max-width: 837px) 100vw, 837px\" \/><figcaption id=\"caption-attachment-317\" class=\"wp-caption-text\">Beylerbeyi Saray\u0131 Tarihi<\/figcaption><\/figure>\n<p><span style=\"font-weight: 400;\">1851 y\u0131l\u0131nda \u00e7\u0131kan yang\u0131n sonucu saray\u0131n bir k\u0131sm\u0131 yanm\u0131\u015f ve Sultan Abd\u00fclmecid\u2019in de yang\u0131n s\u0131ras\u0131nda i\u00e7eride olmas\u0131ndan dolay\u0131 u\u011fursuz ilan edilip bir s\u00fcre yaln\u0131zl\u0131\u011fa terk edilmi\u015ftir.\u00a0\u00a0<\/span><\/p>\n<p><span style=\"font-weight: 400;\">Saray\u0131n ve ek binalar\u0131n\u0131n tahrip olmas\u0131yla bir s\u00fcre kullan\u0131lamayan b\u00f6lgeye Abd\u00fclaziz\u2019in emriyle 1861 y\u0131l\u0131nda Beylerbeyi Saray kompleksinin temeli at\u0131lm\u0131\u015ft\u0131r. Beylerbeyi Saray\u0131\u2019n\u0131n yap\u0131m\u0131 4 y\u0131l s\u00fcrm\u00fc\u015f ve 1865 y\u0131l\u0131nda b\u00fcy\u00fck bir t\u00f6renle a\u00e7\u0131lm\u0131\u015ft\u0131r. Ba\u015fta \u00c7\u0131ra\u011fan Saray\u0131 olmak \u00fczere \u0130stanbul\u2019daki bir\u00e7ok yap\u0131da imzas\u0131 bulunan mimar Sarkis Balyan, Abd\u00fclaziz\u2019in emriyle hassa mimar\u0131 karde\u015fi Agop Balyan ile ortak \u00e7al\u0131\u015fm\u0131\u015ft\u0131r.<\/span><\/p>\n<p><span style=\"font-weight: 400;\">\u0130smini Rumeli Beylerbeyi Mehmed Pa\u015fa\u2019n\u0131n buradaki yal\u0131s\u0131ndan alan Beylerbeyi Saray\u0131, Osmanl\u0131 padi\u015fahlar\u0131n\u0131n sayfiye mek\u00e2n\u0131 ve \u00f6nemli yabanc\u0131 misafirlerin a\u011f\u0131rlanmas\u0131 i\u00e7in bir devlet konukevi olarak d\u00fc\u015f\u00fcn\u00fclm\u00fc\u015ft\u00fcr. Ayr\u0131ca Beylerbeyi Saray\u0131\u2019n\u0131 in\u015fa ettiren Sultan Abd\u00fclaziz\u2019in denize ilgisinin ve merak\u0131n\u0131n olmas\u0131 sebebiyle Bo\u011faz\u2019\u0131n en e\u015fsiz manzaral\u0131 k\u0131sm\u0131na yapt\u0131r\u0131lm\u0131\u015f ve ziyaret\u00e7ilere bir seyir keyfi ya\u015fatm\u0131\u015ft\u0131r. Abd\u00fclaziz\u2019in bu ilgisinden dolay\u0131 Beylerbeyi Saray\u0131\u2019nda yer yer baz\u0131 \u00e7er\u00e7eve ve kartu\u015flar\u0131n i\u00e7inde deniz ve gemi temalar\u0131 i\u015flenmi\u015ftir.<\/span><\/p>\n<h2><span class=\"ez-toc-section\" id=\"Beylerbeyi_Sarayinin_Mimarisi\"><\/span><b>Beylerbeyi Saray\u0131\u2019n\u0131n Mimarisi<\/b><span class=\"ez-toc-section-end\"><\/span><\/h2>\n<p><span style=\"font-weight: 400;\">\u00c7e\u015fitli Bat\u0131 \u00fcsluplar\u0131n\u0131n Do\u011fu \u00fcsluplar\u0131yla kayna\u015ft\u0131r\u0131ld\u0131\u011f\u0131 Beylerbeyi Saray\u0131, R\u00f6nesans mimarisinden de izler ta\u015f\u0131maktad\u0131r. Neoklasik ve Barok ilham\u0131 almakta ve i\u00e7 dizayn bak\u0131m\u0131ndan tam bir T\u00fcrk Evi olma \u00f6zelli\u011fi g\u00f6stermektedir.\u00a0\u00a0<\/span><\/p>\n<figure id=\"attachment_316\" aria-describedby=\"caption-attachment-316\" style=\"width: 770px\" class=\"wp-caption aligncenter\"><img decoding=\"async\" class=\"size-full wp-image-316\" src=\"https:\/\/www.teknevia.com\/blog\/wp-content\/uploads\/2023\/04\/resim_2023-04-11_141957192.png\" alt=\"Beylerbeyi Saray\u0131 Mimarisi\" width=\"770\" height=\"512\" srcset=\"https:\/\/www.teknevia.com\/blog\/wp-content\/uploads\/2023\/04\/resim_2023-04-11_141957192.png 770w, https:\/\/www.teknevia.com\/blog\/wp-content\/uploads\/2023\/04\/resim_2023-04-11_141957192-300x199.png 300w, https:\/\/www.teknevia.com\/blog\/wp-content\/uploads\/2023\/04\/resim_2023-04-11_141957192-768x511.png 768w, https:\/\/www.teknevia.com\/blog\/wp-content\/uploads\/2023\/04\/resim_2023-04-11_141957192-150x100.png 150w, https:\/\/www.teknevia.com\/blog\/wp-content\/uploads\/2023\/04\/resim_2023-04-11_141957192-696x463.png 696w\" sizes=\"(max-width: 770px) 100vw, 770px\" \/><figcaption id=\"caption-attachment-316\" class=\"wp-caption-text\">Beylerbeyi Saray\u0131 Mimarisi<\/figcaption><\/figure>\n<p><span style=\"font-weight: 400;\">Temelleri 1861 y\u0131l\u0131nda at\u0131lan saray, y\u00fcksek bodrum kat\u0131yla birlikte toplamda 3 katl\u0131d\u0131r. D\u0131\u015far\u0131dan 2 katl\u0131 g\u00f6z\u00fcken yap\u0131 yakla\u015f\u0131k 2500 metrekarelik bir alana oturtulmu\u015ftur.<\/span> <span style=\"font-weight: 400;\">Dikd\u00f6rtgen \u015feklinde in\u015fa edilmi\u015f olup 6 b\u00fcy\u00fck salon, 24 oda, 1 banyo ve 1 hamama sahiptir. Harem, Selaml\u0131k ve koltuk kap\u0131lar\u0131ndan olmak \u00fczere \u00fc\u00e7 giri\u015fi vard\u0131r ve \u00e7at\u0131s\u0131 boydan boya \u00e7evrili b\u00fcy\u00fck korkuluklarla gizlenmi\u015ftir.\u00a0<\/span><\/p>\n<p><span style=\"font-weight: 400;\">Saray\u0131n i\u00e7i alt\u0131n nak\u0131\u015f i\u015f\u00e7ili\u011fi ve oymac\u0131l\u0131k eserleriyle s\u00fcslenmi\u015ftir. Duvarlar\u0131nda s\u00fcl\u00fcs ve ta\u2019lik hatlar\u0131yla yaz\u0131lm\u0131\u015f manzumeler vard\u0131r. B\u00fct\u00fcn g\u00f6rkemli s\u00fcslerin giri\u015f ve salonlarda toplanmas\u0131n\u0131n yan\u0131 s\u0131ra Harem b\u00f6l\u00fcm\u00fc daha sade dizayn edilmi\u015ftir.\u00a0<\/span><\/p>\n<h2><span class=\"ez-toc-section\" id=\"Beylerbeyi_Sarayinin_Bolumleri\"><\/span><b>Beylerbeyi Saray\u0131\u2019n\u0131n B\u00f6l\u00fcmleri<\/b><span class=\"ez-toc-section-end\"><\/span><\/h2>\n<p><span style=\"font-weight: 400;\">Beylerbeyi Saray\u0131\u2019nda, geni\u015f bir bah\u00e7enin i\u00e7inde as\u0131l saray (yazl\u0131k saray) ile birlikte, Sar\u0131 K\u00f6\u015fk ve Mermer K\u00f6\u015fk adlar\u0131nda iki ampir yap\u0131 daha bulunmaktad\u0131r. Mermer K\u00f6\u015fk ad\u0131n\u0131 duvarlar\u0131n\u0131n s\u00fcslenmi\u015f oldu\u011fu mermer sebillerden al\u0131r ve bah\u00e7edeki b\u00fcy\u00fck havuzun arka k\u0131sm\u0131nda yer al\u0131r. Sar\u0131 K\u00f6\u015fk ise renginden dolay\u0131 bu \u015fekilde an\u0131lm\u0131\u015ft\u0131r ve konum olarak havuzun kenar\u0131nda bulunur. Mermer K\u00f6\u015fk tek katl\u0131 olarak in\u015fa edilmi\u015fken Sar\u0131 K\u00f6\u015fk ondan farkl\u0131 olarak 3 katl\u0131 kagir bir yap\u0131 olarak bizi kar\u015f\u0131lamaktad\u0131r.<\/span><\/p>\n<figure id=\"attachment_315\" aria-describedby=\"caption-attachment-315\" style=\"width: 1352px\" class=\"wp-caption aligncenter\"><img decoding=\"async\" class=\"size-full wp-image-315\" src=\"https:\/\/www.teknevia.com\/blog\/wp-content\/uploads\/2023\/04\/resim_2023-04-11_141857279.png\" alt=\"Beylerbeyi Saray\u0131 B\u00f6l\u00fcmleri\" width=\"1352\" height=\"889\" srcset=\"https:\/\/www.teknevia.com\/blog\/wp-content\/uploads\/2023\/04\/resim_2023-04-11_141857279.png 1352w, https:\/\/www.teknevia.com\/blog\/wp-content\/uploads\/2023\/04\/resim_2023-04-11_141857279-300x197.png 300w, https:\/\/www.teknevia.com\/blog\/wp-content\/uploads\/2023\/04\/resim_2023-04-11_141857279-1024x673.png 1024w, https:\/\/www.teknevia.com\/blog\/wp-content\/uploads\/2023\/04\/resim_2023-04-11_141857279-768x505.png 768w, https:\/\/www.teknevia.com\/blog\/wp-content\/uploads\/2023\/04\/resim_2023-04-11_141857279-150x99.png 150w, https:\/\/www.teknevia.com\/blog\/wp-content\/uploads\/2023\/04\/resim_2023-04-11_141857279-696x458.png 696w, https:\/\/www.teknevia.com\/blog\/wp-content\/uploads\/2023\/04\/resim_2023-04-11_141857279-1068x702.png 1068w\" sizes=\"(max-width: 1352px) 100vw, 1352px\" \/><figcaption id=\"caption-attachment-315\" class=\"wp-caption-text\">Beylerbeyi Saray\u0131 B\u00f6l\u00fcmleri<\/figcaption><\/figure>\n<p><span style=\"font-weight: 400;\">Beylerbeyi Saray\u0131\u2019n\u0131n bah\u00e7esinde bir de padi\u015fah\u0131n atlar\u0131n\u0131n bak\u0131m\u0131n\u0131 yapmak i\u00e7in kurulan Ah\u0131r K\u00f6\u015fk bulunmaktad\u0131r. Saray arazisinin g\u00fcney kesiminde bulunan bu yap\u0131, at fig\u00fcrleri ve hayvan resimleriyle s\u00fcslenmi\u015ftir.\u00a0<\/span><\/p>\n<p><span style=\"font-weight: 400;\">Beylerbeyi Saray\u0131, ana b\u00f6l\u00fcm olan Yatak Dairesi (H\u00fcnk\u00e2r Dairesi) ile kuzey ve g\u00fcney b\u00f6l\u00fcmleri olan Valide Sultan Dairesi ve Mabeyn-i H\u00fcmayun dairelerinde olu\u015fmaktad\u0131r. Ana yap\u0131y\u0131 bu iki b\u00f6l\u00fcmden ay\u0131ran bir set bah\u00e7esi bulunmaktad\u0131r. Sar\u0131 K\u00f6\u015fk ve Mermer K\u00f6\u015fk de birbirlerine merdiven ve rampalarla ba\u011fl\u0131 bu set bah\u00e7elerinin en \u00fcst\u00fcne in\u015fa edilmi\u015ftir.<\/span><\/p>\n<p><span style=\"font-weight: 400;\">Saray\u0131n bah\u00e7esinde Paris\u2019ten getirilmi\u015f tun\u00e7 heykellerle suyunu denizden alan s\u00fcs havuzlar\u0131 da bulunmaktad\u0131r.\u00a0<\/span><\/p>\n<p><span style=\"font-weight: 400;\"><a href=\"https:\/\/www.teknevia.com\/blog\/turkiye\/istanbul\/\">Beylerbeyi Saray\u0131<\/a> r\u0131ht\u0131m boyunca uzanan denize paralel ve s\u00fcsl\u00fc bir duvarla \u00e7evrilidir. Duvar dikd\u00f6rtgen pencereler ve ni\u015flere sahiptir. Ayr\u0131ca saraya denizden giri\u015f i\u00e7in kullan\u0131lan iki kap\u0131 yap\u0131lm\u0131\u015ft\u0131r. Bunun d\u0131\u015f\u0131nda duvar\u0131n iki ucunda k\u00fc\u00e7\u00fck deniz k\u00f6\u015fkleri bulunmaktad\u0131r. Bu k\u00f6\u015fkler alt\u0131gen bir yap\u0131da olup, Do\u011fu \u00fcslubundan dolay\u0131 \u00e7at\u0131lar\u0131 \u00e7ad\u0131r bi\u00e7iminde yap\u0131lm\u0131\u015ft\u0131r. Bu k\u00f6\u015fklerde bir oda ve bir hela bulunmaktad\u0131r.<\/span><\/p>\n<h2><span class=\"ez-toc-section\" id=\"Beylerbeyi_Sarayinin_Agirladigi_Onemli_Misafirler\"><\/span><b>Beylerbeyi Saray\u0131\u2019n\u0131n A\u011f\u0131rlad\u0131\u011f\u0131 \u00d6nemli Misafirler<\/b><span class=\"ez-toc-section-end\"><\/span><\/h2>\n<p><span style=\"font-weight: 400;\">Saray padi\u015fahlar\u0131 ve hanedan\u0131n kullanmas\u0131n\u0131n yan\u0131 s\u0131ra Beylerbeyi Saray\u0131 bir\u00e7ok \u00f6nemli misafiri de a\u011f\u0131rlam\u0131\u015ft\u0131r. II. Abd\u00fclhamid tahttan indirilmesene ra\u011fmen g\u00fcvenlik nedeniyle Selanik\u2019ten getirilmi\u015f ve \u00f6mr\u00fcn\u00fcn son 6 y\u0131l\u0131n\u0131 burada ge\u00e7irmi\u015ftir. Beylerbeyi Saray\u0131\u2019n\u0131n ilk \u00f6nemli yabanc\u0131 konu\u011fu ise III. Napolyon\u2019un e\u015fi Eug\u00e9nie olmu\u015ftur. \u0130ran \u015eah\u0131 Nasr\u00fcddin ve Ayastefanos Anla\u015fmas\u0131n\u0131 imzalamak i\u00e7in \u0130stanbul\u2019a gelen Gran D\u00fck Nikola da Beylerbeyi Saray\u0131\u2019nda a\u011f\u0131rlanm\u0131\u015ft\u0131r.\u00a0<\/span><\/p>\n<p><span style=\"font-weight: 400;\">Cumhuriyet d\u00f6neminde ise Mustafa Kemal Atat\u00fcrk\u2019\u00fcn davetlisi olarak 1934\u2019te \u0130ran \u015eah\u0131 R\u0131za Pehlevi konuk edilmi\u015ftir. 1936 y\u0131l\u0131nda ise Balkan Oyunlar\u0131 Festivali Beylerbeyi Saray\u0131\u2019nda d\u00fczenlenmi\u015f ve Mustafa Kemal Atat\u00fcrk festival boyunca sarayda kalm\u0131\u015ft\u0131r.<\/span><\/p>\n<h2><span class=\"ez-toc-section\" id=\"Beylerbeyi_Sarayina_Ulasim\"><\/span><b>Beylerbeyi Saray\u0131\u2019na Ula\u015f\u0131m<\/b><span class=\"ez-toc-section-end\"><\/span><\/h2>\n<p><span style=\"font-weight: 400;\">Anadolu Yakas\u0131\u2019nda bulunan Beylerbeyi Saray\u0131\u2019na kar\u015f\u0131 yakadan gelmek isteyenler i\u00e7in en kolay yol vapur hatt\u0131n\u0131 kullanmakt\u0131r. Kabata\u015f-Emin\u00f6n\u00fc hatt\u0131 ile \u00dcsk\u00fcdar \u0130skelesinde indikten sonra saraya 15, 15C, 15H, 15K, 15K\u00c7, 15M, 15P, 15R, 15S, 15U, 15Y ve 15\u015eN numaral\u0131 otob\u00fcslerden biriyle ula\u015fabilirsiniz.<\/span><\/p>\n<p><span style=\"font-weight: 400;\">Kad\u0131k\u00f6y taraf\u0131ndan gelecekler i\u00e7in en kolay yol Kad\u0131k\u00f6y R\u0131ht\u0131m\u0131ndan kalkan 15F, 12H ve 14M numaral\u0131 otob\u00fcsleri kullanmak olacakt\u0131r.<\/span><\/p>\n<p><span style=\"font-weight: 400;\">Beylerbeyi Saray\u0131, \u00dcsk\u00fcdar iskelesine y\u00fcr\u00fcme mesafesinde bulunmaktad\u0131r. Ancak 15 numaras\u0131na sahip otob\u00fcs hatlar\u0131ndan birini kullanarak da ula\u015fmak m\u00fcmk\u00fcnd\u00fcr.<\/span><\/p>\n<h2><span class=\"ez-toc-section\" id=\"Beylerbeyi_Sarayi_Giris_Ucreti_ve_Ziyaret_Saatleri\"><\/span><b>Beylerbeyi Saray\u0131 Giri\u015f \u00dccreti ve Ziyaret Saatleri<\/b><span class=\"ez-toc-section-end\"><\/span><\/h2>\n<p><span style=\"font-weight: 400;\">Beylerbeyi Saray\u0131 pazartesi hari\u00e7 di\u011fer g\u00fcnler ziyarete a\u00e7\u0131kt\u0131r. Ziyaret saatleri ise 09:00 ile 18:00 aras\u0131d\u0131r.\u00a0<\/span><\/p>\n<p><span style=\"font-weight: 400;\">Beylerbeyi Saray\u0131\u2019na giri\u015f \u00fccreti 2022 y\u0131l\u0131 boyunca yerli turist i\u00e7in 40 TL, yabanc\u0131 turistler i\u00e7in de 90 TL olarak belirlendi. \u0130ndirimli bilete sahip olanlar i\u00e7in bu \u00fccret 15 TL\u2019dir. Saray\u0131n yaln\u0131zca bah\u00e7esini ziyaret etmek isteyenlere ise bu \u00fccret 10 TL.\u00a0 Ayr\u0131ca Beylerbeyi Saray\u0131 i\u00e7in M\u00fczekart uygulamas\u0131 ge\u00e7erlidir.<\/span><\/p>\n","protected":false},"excerpt":{"rendered":"<p>G\u00fczelli\u011fiyle dillere destan \u0130stanbul, bir\u00e7ok saraya ev sahipli\u011fi yapmaktad\u0131r. Bunlardan biri de \u0130stanbul\u2019un en g\u00f6zde semtlerinden biri olan \u00dcsk\u00fcdar\u2019da bulunan, mimarisi ve manzaras\u0131yla ziyaret\u00e7ilerin g\u00f6rmek i\u00e7in ak\u0131n etti\u011fi tarihi Beylerbeyi Saray\u0131\u2019d\u0131r. Saray\u0131n oldu\u011fu gibi bulundu\u011fu b\u00f6lge de k\u00f6kl\u00fc bir ge\u00e7mi\u015fe sahiptir.\u00a0 Bizans D\u00f6nemi\u2019nde dikilmi\u015f olan devasa ha\u00e7tan dolay\u0131 \u0130stavroz (Stavroz) ismini alan bu b\u00f6lge, 2. [&hellip;]<\/p>\n","protected":false},"author":1,"featured_media":314,"comment_status":"open","ping_status":"open","sticky":false,"template":"","format":"standard","meta":[],"categories":[6],"tags":[],"_links":{"self":[{"href":"https:\/\/www.teknevia.com\/blog\/wp-json\/wp\/v2\/posts\/313"}],"collection":[{"href":"https:\/\/www.teknevia.com\/blog\/wp-json\/wp\/v2\/posts"}],"about":[{"href":"https:\/\/www.teknevia.com\/blog\/wp-json\/wp\/v2\/types\/post"}],"author":[{"embeddable":true,"href":"https:\/\/www.teknevia.com\/blog\/wp-json\/wp\/v2\/users\/1"}],"replies":[{"embeddable":true,"href":"https:\/\/www.teknevia.com\/blog\/wp-json\/wp\/v2\/comments?post=313"}],"version-history":[{"count":3,"href":"https:\/\/www.teknevia.com\/blog\/wp-json\/wp\/v2\/posts\/313\/revisions"}],"predecessor-version":[{"id":710,"href":"https:\/\/www.teknevia.com\/blog\/wp-json\/wp\/v2\/posts\/313\/revisions\/710"}],"wp:featuredmedia":[{"embeddable":true,"href":"https:\/\/www.teknevia.com\/blog\/wp-json\/wp\/v2\/media\/314"}],"wp:attachment":[{"href":"https:\/\/www.teknevia.com\/blog\/wp-json\/wp\/v2\/media?parent=313"}],"wp:term":[{"taxonomy":"category","embeddable":true,"href":"https:\/\/www.teknevia.com\/blog\/wp-json\/wp\/v2\/categories?post=313"},{"taxonomy":"post_tag","embeddable":true,"href":"https:\/\/www.teknevia.com\/blog\/wp-json\/wp\/v2\/tags?post=313"}],"curies":[{"name":"wp","href":"https:\/\/api.w.org\/{rel}","templated":true}]}}