{"id":564,"date":"2023-11-10T12:15:40","date_gmt":"2023-11-10T09:15:40","guid":{"rendered":"https:\/\/www.teknevia.com\/blog\/?p=564"},"modified":"2023-11-10T12:15:40","modified_gmt":"2023-11-10T09:15:40","slug":"deniz-ve-kayaliklarin-dansi-delikli-koy","status":"publish","type":"post","link":"https:\/\/www.teknevia.com\/blog\/deniz-ve-kayaliklarin-dansi-delikli-koy","title":{"rendered":"Deniz ve Kayal\u0131klar\u0131n Dans\u0131: Delikli Koy"},"content":{"rendered":"<p class=\"p2\">Delikli Koy huzur arayanlar\u0131n ke\u015ffetmek isteyece\u011fi sessiz ve sakin bir tatil noktas\u0131d\u0131r. Buras\u0131 di\u011fer plajlara g\u00f6re daha sakin bir atmosfere sahiptir \u00e7\u00fcnk\u00fc denizi serin ve plaj\u0131 \u00e7ak\u0131l kapl\u0131d\u0131r. Bu koyu \u00f6zel k\u0131lan \u015fey ise do\u011fal kayal\u0131klar\u0131n deniz i\u00e7inde olu\u015fturdu\u011fu benzersiz olu\u015fumlard\u0131r. Koyun ad\u0131 ise s\u00f6z konusu do\u011fal olu\u015fumlar sonucu meydana gelen kayalar\u0131n oyuklar\u0131ndan gelir. Koy en \u00e7ok bu kayal\u0131klar\u0131n i\u00e7indeki oyuklardan denize girmek isteyenler taraf\u0131ndan tercih edilmektedir.<\/p><div id=\"ez-toc-container\" class=\"ez-toc-v2_0_68_1 counter-hierarchy ez-toc-counter ez-toc-grey ez-toc-container-direction\">\n<div class=\"ez-toc-title-container\">\n<p class=\"ez-toc-title \" >\u0130&ccedil;indekiler<\/p>\n<span class=\"ez-toc-title-toggle\"><a href=\"#\" class=\"ez-toc-pull-right ez-toc-btn ez-toc-btn-xs ez-toc-btn-default ez-toc-toggle\" aria-label=\"Toggle Table of Content\"><span class=\"ez-toc-js-icon-con\"><span class=\"\"><span class=\"eztoc-hide\" style=\"display:none;\">Toggle<\/span><span class=\"ez-toc-icon-toggle-span\"><svg style=\"fill: #999;color:#999\" xmlns=\"http:\/\/www.w3.org\/2000\/svg\" class=\"list-377408\" width=\"20px\" height=\"20px\" viewBox=\"0 0 24 24\" fill=\"none\"><path d=\"M6 6H4v2h2V6zm14 0H8v2h12V6zM4 11h2v2H4v-2zm16 0H8v2h12v-2zM4 16h2v2H4v-2zm16 0H8v2h12v-2z\" fill=\"currentColor\"><\/path><\/svg><svg style=\"fill: #999;color:#999\" class=\"arrow-unsorted-368013\" xmlns=\"http:\/\/www.w3.org\/2000\/svg\" width=\"10px\" height=\"10px\" viewBox=\"0 0 24 24\" version=\"1.2\" baseProfile=\"tiny\"><path d=\"M18.2 9.3l-6.2-6.3-6.2 6.3c-.2.2-.3.4-.3.7s.1.5.3.7c.2.2.4.3.7.3h11c.3 0 .5-.1.7-.3.2-.2.3-.5.3-.7s-.1-.5-.3-.7zM5.8 14.7l6.2 6.3 6.2-6.3c.2-.2.3-.5.3-.7s-.1-.5-.3-.7c-.2-.2-.4-.3-.7-.3h-11c-.3 0-.5.1-.7.3-.2.2-.3.5-.3.7s.1.5.3.7z\"\/><\/svg><\/span><\/span><\/span><\/a><\/span><\/div>\n<nav><ul class='ez-toc-list ez-toc-list-level-1 ' ><li class='ez-toc-page-1 ez-toc-heading-level-2'><a class=\"ez-toc-link ez-toc-heading-1\" href=\"https:\/\/www.teknevia.com\/blog\/deniz-ve-kayaliklarin-dansi-delikli-koy\/#Cesme_Delikli_Koy_Hakkinda_Genel_Bilgiler\" title=\"\u00c7e\u015fme Delikli Koy Hakk\u0131nda Genel Bilgiler\">\u00c7e\u015fme Delikli Koy Hakk\u0131nda Genel Bilgiler<\/a><\/li><li class='ez-toc-page-1 ez-toc-heading-level-2'><a class=\"ez-toc-link ez-toc-heading-2\" href=\"https:\/\/www.teknevia.com\/blog\/deniz-ve-kayaliklarin-dansi-delikli-koy\/#Izmir_Delikli_Koy_Plaji_Nasildir\" title=\"\u0130zmir Delikli Koy Plaj\u0131 Nas\u0131ld\u0131r?\">\u0130zmir Delikli Koy Plaj\u0131 Nas\u0131ld\u0131r?<\/a><\/li><li class='ez-toc-page-1 ez-toc-heading-level-2'><a class=\"ez-toc-link ez-toc-heading-3\" href=\"https:\/\/www.teknevia.com\/blog\/deniz-ve-kayaliklarin-dansi-delikli-koy\/#Delikli_Koy_Nerede_Yol_Tarifi\" title=\"Delikli Koy Nerede? Yol Tarifi\u00a0\">Delikli Koy Nerede? Yol Tarifi\u00a0<\/a><\/li><li class='ez-toc-page-1 ez-toc-heading-level-2'><a class=\"ez-toc-link ez-toc-heading-4\" href=\"https:\/\/www.teknevia.com\/blog\/deniz-ve-kayaliklarin-dansi-delikli-koy\/#Alacati_Delikli_Koya_Nasil_Gidilir\" title=\"Ala\u00e7at\u0131 Delikli Koy&#8217;a Nas\u0131l Gidilir?\">Ala\u00e7at\u0131 Delikli Koy&#8217;a Nas\u0131l Gidilir?<\/a><ul class='ez-toc-list-level-3' ><li class='ez-toc-heading-level-3'><a class=\"ez-toc-link ez-toc-heading-5\" href=\"https:\/\/www.teknevia.com\/blog\/deniz-ve-kayaliklarin-dansi-delikli-koy\/#Alacati_Delikli_Koy_Arasi_Kac_KM\" title=\"Ala\u00e7at\u0131 Delikli Koy Aras\u0131 Ka\u00e7 KM?\">Ala\u00e7at\u0131 Delikli Koy Aras\u0131 Ka\u00e7 KM?<\/a><\/li><li class='ez-toc-page-1 ez-toc-heading-level-3'><a class=\"ez-toc-link ez-toc-heading-6\" href=\"https:\/\/www.teknevia.com\/blog\/deniz-ve-kayaliklarin-dansi-delikli-koy\/#Delikli_Koya_Tekne_Turu_ile_Gidilir_Mi\" title=\"Delikli Koy&#8217;a Tekne Turu ile Gidilir Mi?\">Delikli Koy&#8217;a Tekne Turu ile Gidilir Mi?<\/a><\/li><\/ul><\/li><li class='ez-toc-page-1 ez-toc-heading-level-2'><a class=\"ez-toc-link ez-toc-heading-7\" href=\"https:\/\/www.teknevia.com\/blog\/deniz-ve-kayaliklarin-dansi-delikli-koy\/#Delikli_Koy_Kamp_icin_Uygun_Mudur\" title=\"Delikli Koy Kamp i\u00e7in Uygun Mudur?\">Delikli Koy Kamp i\u00e7in Uygun Mudur?<\/a><\/li><li class='ez-toc-page-1 ez-toc-heading-level-2'><a class=\"ez-toc-link ez-toc-heading-8\" href=\"https:\/\/www.teknevia.com\/blog\/deniz-ve-kayaliklarin-dansi-delikli-koy\/#Delikli_Koy_Ucretli_Mi\" title=\"Delikli Koy \u00dccretli Mi?\">Delikli Koy \u00dccretli Mi?<\/a><\/li><\/ul><\/nav><\/div>\n\n<p class=\"p2\">E\u011fer \u0130zmir\u2019de sessiz ve sakin bir tatil yeri ar\u0131yorsan\u0131z de\u011ferlendirebilece\u011finiz g\u00fczel yerler aras\u0131nda bulunmaktad\u0131r. \u00c7e\u015fme Delikli Koy sahip oldu\u011fu g\u00fczellikleri ile g\u00fczel ve e\u011flenceli bir \u015fekilde zaman ge\u00e7irmenize yard\u0131mc\u0131 olabilir<\/p>\n<h2 class=\"p3\"><span class=\"ez-toc-section\" id=\"Cesme_Delikli_Koy_Hakkinda_Genel_Bilgiler\"><\/span><strong>\u00c7e\u015fme Delikli Koy Hakk\u0131nda Genel Bilgiler<\/strong><span class=\"ez-toc-section-end\"><\/span><\/h2>\n<p class=\"p2\">Ala\u00e7at\u0131 Delikli Koy di\u011fer \u00c7e\u015fme plajlar\u0131na k\u0131yasla, nispeten daha sakin bir atmosfere sahiptir. Denizi biraz daha serin olsa da temizlik konusunda di\u011fer plajlarla ayn\u0131 d\u00fczeydedir. A\u00e7\u0131klarda yosunlu alanlar bulunsa da, bu do\u011fal olu\u015fumlar plaj\u0131n temizli\u011fini bozmaz, aksine denize yukar\u0131dan bakarken g\u00f6rsel bir \u015f\u00f6len sunar. Denizin dibinde ve sahil \u00e7ak\u0131l ta\u015flar\u0131 ile kapl\u0131d\u0131r, bu nedenle ziyaret\u00e7ilerin deniz ayakkab\u0131lar\u0131na ihtiya\u00e7 duyabilece\u011fini unutmamak \u00f6nemlidir. Plaj bol miktarda r\u00fczg\u00e2r almaktad\u0131r, ancak bu r\u00fczgar genellikle \u00e7ok \u015fiddetli de\u011fildir. Zaman zaman r\u00fczg\u00e2r\u0131n etkisiyle deniz dalgal\u0131 olabilir.<\/p>\n<p class=\"p2\">\u0130zmir Delikli koy b\u00f6lgesinde denizin aniden derinle\u015fmesi nedeniyle, yeni y\u00fczme \u00f6\u011frenenler ve \u00e7ocuklu aileler i\u00e7in uygun bir se\u00e7enek olmayabilir. Ayr\u0131ca plaj\u0131n \u00e7ak\u0131l ta\u015flar\u0131 ile kapl\u0131 olmas\u0131 ve kayal\u0131klar \u00fczerinden y\u00fcr\u00fcnerek ula\u015f\u0131lmas\u0131, \u00e7ocuklu aileler i\u00e7in tercih edilmemesinin ba\u015fl\u0131ca nedenlerindendir. Ne var ki plajda yiyecek veya i\u00e7ecek satan bir tesis bulunmamaktad\u0131r. Bu nedenle kendi yiyecek ve i\u00e7eceklerinizi yan\u0131n\u0131zda getirmeniz \u00f6nerilir.<\/p>\n<h2 class=\"p3\"><span class=\"ez-toc-section\" id=\"Izmir_Delikli_Koy_Plaji_Nasildir\"><\/span><strong>\u0130zmir Delikli Koy Plaj\u0131 Nas\u0131ld\u0131r?<\/strong><span class=\"ez-toc-section-end\"><\/span><\/h2>\n<p class=\"p2\">\u0130lk kez gidecekler i\u00e7in Delikli koy plaj\u0131 nas\u0131ld\u0131r sorusu da b\u00fcy\u00fck bir \u00f6neme sahiptir. Plaj\u0131n bir k\u0131sm\u0131 ta\u015flarla kapl\u0131d\u0131r, di\u011fer k\u0131sm\u0131 ise kumlu bir zemine sahiptir. Deniz y\u0131l\u0131n her d\u00f6nemi boyunca serin olma e\u011filimindedir.<\/p>\n<p class=\"p2\">Ayr\u0131ca Deliklikoy&#8217;un ara\u00e7la eri\u015filen tepe noktas\u0131nda sa\u011f tarafta bulunan gizli bir koy vard\u0131r. Bu koy, genellikle uzun s\u00fcreli kamp yapmay\u0131 tercih edenler i\u00e7in pop\u00fclerdir. Bu koy biraz daha derin ve dalgal\u0131 olabilir, ancak kalabal\u0131ktan uzakla\u015fmak isteyenler i\u00e7in iyi bir se\u00e7enektir.<\/p>\n<h2 class=\"p3\"><span class=\"ez-toc-section\" id=\"Delikli_Koy_Nerede_Yol_Tarifi\"><\/span><strong>Delikli Koy Nerede? Yol Tarifi\u00a0<\/strong><span class=\"ez-toc-section-end\"><\/span><\/h2>\n<p class=\"p2\">\u0130lk kez buraya gelecek tatilciler i\u00e7in Delikli koy nerede bilinmesi gereken \u00f6nemli bir konudur. Delikli Koy Ovac\u0131k Mahallesi \u00c7e\u015fme\/\u0130zmir\u2019de yer almaktad\u0131r. Ala\u00e7at\u0131 Port&#8217;a gitmekle ba\u015flayarak, daha sonra yakla\u015f\u0131k 4 kilometrelik bir yolculukla Alko\u00e7lar Exclusive Ala\u00e7at\u0131&#8217;y\u0131 ge\u00e7ip, koya ula\u015fmak i\u00e7in gereken 500 metrelik patikay\u0131 takip etmelidir. B\u00f6ylece Delikli Koy ula\u015f\u0131m da yap\u0131labilir.<\/p>\n<p class=\"p2\">\u0130zmir Merkez&#8217;den geliyorsan\u0131z, otoban\u0131n Ala\u00e7at\u0131 kav\u015fa\u011f\u0131ndan \u00e7\u0131karak merkezden g\u00fcneye do\u011fru 15 dakikal\u0131k bir ara\u00e7 yolculu\u011fu ile ula\u015fabilirsiniz. E\u011fer sapa\u011f\u0131 ka\u00e7\u0131r\u0131rsan\u0131z \u00c7e\u015fme Merkez&#8217;den \u00e7\u0131karak Ovac\u0131k rotas\u0131n\u0131 takip ederek 20-25 dakika i\u00e7inde varabilirsiniz. Toplu ta\u015f\u0131ma ile Ala\u00e7at\u0131 Deliklikoy&#8217;a ula\u015f\u0131m sa\u011flanmamaktad\u0131r. Ancak Ala\u00e7at\u0131 merkezden taksi ile ula\u015fabilirsiniz. Delikli koy yol tarifi de b\u00f6ylece a\u00e7\u0131klanabilir.<\/p>\n<h2 class=\"p3\"><span class=\"ez-toc-section\" id=\"Alacati_Delikli_Koya_Nasil_Gidilir\"><\/span><strong>Ala\u00e7at\u0131 Delikli Koy&#8217;a Nas\u0131l Gidilir?<\/strong><span class=\"ez-toc-section-end\"><\/span><\/h2>\n<p class=\"p2\">Delikli Koy&#8217;a ula\u015fmak i\u00e7in birka\u00e7 tepeyi a\u015fman\u0131z gerekecektir. E\u011fer \u00f6zel bir arac\u0131n\u0131z yoksa, yolculu\u011funuzu Ala\u00e7at\u0131 Port&#8217;a kadar yapmal\u0131 ve ard\u0131ndan koya ula\u015fmak i\u00e7in y\u00fcr\u00fcme veya otostop se\u00e7ene\u011fini de\u011ferlendirmelisiniz. Ala\u00e7at\u0131 Port ile Delikli Koy aras\u0131ndaki mesafe yakla\u015f\u0131k 3,6 kilometredir.<\/p>\n<p class=\"p2\">Port b\u00f6lgesinden sahil istikametinde uzanan bir yol \u00fczerinden Alko\u00e7lar Exclusive Ala\u00e7at\u0131&#8217;yi ge\u00e7tikten sonra koyun giri\u015fini i\u015faretleyen bir patikaya ula\u015f\u0131l\u0131r. Bu patika d\u00fc\u015f\u00fck s\u00fcspansiyonlu ara\u00e7lar\u0131n zarar g\u00f6rmesine neden olabilir, bu nedenle patikan\u0131n giri\u015finde arac\u0131n\u0131z\u0131 park edip koya do\u011fru y\u00fcr\u00fcy\u00fc\u015fe devam etmeniz gerekmektedir.<\/p>\n<h3 class=\"p4\"><span class=\"ez-toc-section\" id=\"Alacati_Delikli_Koy_Arasi_Kac_KM\"><\/span><strong>Ala\u00e7at\u0131 Delikli Koy Aras\u0131 Ka\u00e7 KM?<\/strong><span class=\"ez-toc-section-end\"><\/span><\/h3>\n<p class=\"p2\">Ala\u00e7at\u0131 ile Delikli Koy aras\u0131 yakla\u015f\u0131k olarak 10 km olup bu bak\u0131mdan Ala\u00e7at\u0131\u2019ya geldi\u011finiz zaman ula\u015f\u0131m olduk\u00e7a kolay bir \u015fekilde yap\u0131labilmektedir.<\/p>\n<h3 class=\"p4\"><span class=\"ez-toc-section\" id=\"Delikli_Koya_Tekne_Turu_ile_Gidilir_Mi\"><\/span><strong>Delikli Koy&#8217;a Tekne Turu ile Gidilir Mi?<\/strong><span class=\"ez-toc-section-end\"><\/span><\/h3>\n<p class=\"p2\">\u00c7e\u015fme Delikli Koy&#8217;a ula\u015fman\u0131n ba\u015fka bir se\u00e7ene\u011fi de deniz yoluyla d\u00fczenlenen tekne turlar\u0131d\u0131r. Koy \u00e7evresinde bir\u00e7ok tur firmas\u0131 faaliyet g\u00f6stermekte olup bu firmalar\u0131n d\u00fczenledi\u011fi tekne turlar\u0131yla keyifli bir deniz yolculu\u011funa \u00e7\u0131kabilirsiniz. Delikli Koy Tekne Turu denizin muhte\u015fem manzaras\u0131 e\u015fli\u011finde unutulmaz bir deneyim sunman\u0131n yan\u0131 s\u0131ra koyun do\u011fal g\u00fczelliklerini yak\u0131ndan ke\u015ffetme f\u0131rsat\u0131 sunar.<\/p>\n<h2 class=\"p3\"><span class=\"ez-toc-section\" id=\"Delikli_Koy_Kamp_icin_Uygun_Mudur\"><\/span><strong>Delikli Koy Kamp i\u00e7in Uygun Mudur?<\/strong><span class=\"ez-toc-section-end\"><\/span><\/h2>\n<p class=\"p2\">\u00c7e\u015fme&#8217;deki \u00f6nemli mola noktalar\u0131ndan biri olan Delikli Koy hem tekne turlar\u0131n\u0131n hem de do\u011fa y\u00fcr\u00fcy\u00fc\u015flerinin ideal bir durak noktas\u0131d\u0131r. Ayr\u0131ca g\u00f6zlerden uzak bir kamp deneyimi ya\u015famak isteyenler i\u00e7in \u00f6zel bir se\u00e7enek sunar. Delikli Koy Kamp Alan\u0131 i\u00e7in tam donan\u0131ml\u0131 olarak gelmeniz gerekmektedir. Denizin aniden derinle\u015fti\u011fi bir alan oldu\u011fundan yeni y\u00fczme \u00f6\u011frenenler ve \u00e7ocuklu aileler dikkatli olmal\u0131d\u0131r. Sahil kenar\u0131 ve \u00fcst k\u0131sm\u0131nda kamp kurma imk\u00e2n\u0131 bulunmaktad\u0131r.<\/p>\n<h2 class=\"p3\"><span class=\"ez-toc-section\" id=\"Delikli_Koy_Ucretli_Mi\"><\/span><strong>Delikli Koy \u00dccretli Mi?<\/strong><span class=\"ez-toc-section-end\"><\/span><\/h2>\n<p class=\"p2\">Koya giri\u015f \u00fccretsizdir ve temel ihtiya\u00e7lar\u0131n\u0131z\u0131 kar\u015f\u0131layabilece\u011finiz bir tesis bulunmamaktad\u0131r. Dolay\u0131s\u0131yla ziyaret \u00f6ncesinde haz\u0131rl\u0131kl\u0131 gitmek \u00f6nemlidir.<\/p>\n","protected":false},"excerpt":{"rendered":"<p>Delikli Koy huzur arayanlar\u0131n ke\u015ffetmek isteyece\u011fi sessiz ve sakin bir tatil noktas\u0131d\u0131r. Buras\u0131 di\u011fer plajlara g\u00f6re daha sakin bir atmosfere sahiptir \u00e7\u00fcnk\u00fc denizi serin ve plaj\u0131 \u00e7ak\u0131l kapl\u0131d\u0131r. Bu koyu \u00f6zel k\u0131lan \u015fey ise do\u011fal kayal\u0131klar\u0131n deniz i\u00e7inde olu\u015fturdu\u011fu benzersiz olu\u015fumlard\u0131r. Koyun ad\u0131 ise s\u00f6z konusu do\u011fal olu\u015fumlar sonucu meydana gelen kayalar\u0131n oyuklar\u0131ndan gelir. Koy [&hellip;]<\/p>\n","protected":false},"author":2,"featured_media":565,"comment_status":"open","ping_status":"open","sticky":false,"template":"","format":"standard","meta":[],"categories":[20,19],"tags":[],"_links":{"self":[{"href":"https:\/\/www.teknevia.com\/blog\/wp-json\/wp\/v2\/posts\/564"}],"collection":[{"href":"https:\/\/www.teknevia.com\/blog\/wp-json\/wp\/v2\/posts"}],"about":[{"href":"https:\/\/www.teknevia.com\/blog\/wp-json\/wp\/v2\/types\/post"}],"author":[{"embeddable":true,"href":"https:\/\/www.teknevia.com\/blog\/wp-json\/wp\/v2\/users\/2"}],"replies":[{"embeddable":true,"href":"https:\/\/www.teknevia.com\/blog\/wp-json\/wp\/v2\/comments?post=564"}],"version-history":[{"count":1,"href":"https:\/\/www.teknevia.com\/blog\/wp-json\/wp\/v2\/posts\/564\/revisions"}],"predecessor-version":[{"id":566,"href":"https:\/\/www.teknevia.com\/blog\/wp-json\/wp\/v2\/posts\/564\/revisions\/566"}],"wp:featuredmedia":[{"embeddable":true,"href":"https:\/\/www.teknevia.com\/blog\/wp-json\/wp\/v2\/media\/565"}],"wp:attachment":[{"href":"https:\/\/www.teknevia.com\/blog\/wp-json\/wp\/v2\/media?parent=564"}],"wp:term":[{"taxonomy":"category","embeddable":true,"href":"https:\/\/www.teknevia.com\/blog\/wp-json\/wp\/v2\/categories?post=564"},{"taxonomy":"post_tag","embeddable":true,"href":"https:\/\/www.teknevia.com\/blog\/wp-json\/wp\/v2\/tags?post=564"}],"curies":[{"name":"wp","href":"https:\/\/api.w.org\/{rel}","templated":true}]}}