{"id":83,"date":"2022-12-17T19:57:51","date_gmt":"2022-12-17T16:57:51","guid":{"rendered":"https:\/\/blog.teknevia.com\/?p=83"},"modified":"2024-07-30T22:49:50","modified_gmt":"2024-07-30T19:49:50","slug":"kuleli-plaji","status":"publish","type":"post","link":"https:\/\/www.teknevia.com\/blog\/kuleli-plaji","title":{"rendered":"<strong>Kuleli Plaj\u0131<\/strong>"},"content":{"rendered":"\r\n<p>Mu\u011fla ilinin Fethiye il\u00e7esinde yer alan Kuleli Plaj\u0131 Fethiye Yar\u0131madas\u0131 (oyuktepe) olarak bilinen yerde bulunmaktad\u0131r. Kuleli Koyu\u2019ndaki Kuleli Plaj\u0131 Do\u011fal bakir havas\u0131, tertemiz denizinin yan\u0131 s\u0131ra alt\u0131n sar\u0131s\u0131 plaj\u0131 ile her y\u0131l pek \u00e7ok yerli ve yabanc\u0131 turistler taraf\u0131ndan ilgi g\u00f6rmektedir. Fethiye merkeze yak\u0131n bir konumda yer alan Kuleli Plaj\u0131\u2019na \u00f6zellikle do\u011fa ile i\u00e7 i\u00e7e sessiz sakin tatil beklentisi i\u00e7erisinde olan tatil sevenler i\u00e7in olduk\u00e7a uygun bir yerdir. Kuleli Koyu bilinen bir yer olmas\u0131na ra\u011fmen \u00e7ok da pop\u00fcler olmayan, daha az kalabal\u0131k ve daha sakin bir b\u00f6lgedir.\u00a0<\/p><div id=\"ez-toc-container\" class=\"ez-toc-v2_0_68_1 counter-hierarchy ez-toc-counter ez-toc-grey ez-toc-container-direction\">\n<div class=\"ez-toc-title-container\">\n<p class=\"ez-toc-title \" >\u0130&ccedil;indekiler<\/p>\n<span class=\"ez-toc-title-toggle\"><a href=\"#\" class=\"ez-toc-pull-right ez-toc-btn ez-toc-btn-xs ez-toc-btn-default ez-toc-toggle\" aria-label=\"Toggle Table of Content\"><span class=\"ez-toc-js-icon-con\"><span class=\"\"><span class=\"eztoc-hide\" style=\"display:none;\">Toggle<\/span><span class=\"ez-toc-icon-toggle-span\"><svg style=\"fill: #999;color:#999\" xmlns=\"http:\/\/www.w3.org\/2000\/svg\" class=\"list-377408\" width=\"20px\" height=\"20px\" viewBox=\"0 0 24 24\" fill=\"none\"><path d=\"M6 6H4v2h2V6zm14 0H8v2h12V6zM4 11h2v2H4v-2zm16 0H8v2h12v-2zM4 16h2v2H4v-2zm16 0H8v2h12v-2z\" fill=\"currentColor\"><\/path><\/svg><svg style=\"fill: #999;color:#999\" class=\"arrow-unsorted-368013\" xmlns=\"http:\/\/www.w3.org\/2000\/svg\" width=\"10px\" height=\"10px\" viewBox=\"0 0 24 24\" version=\"1.2\" baseProfile=\"tiny\"><path d=\"M18.2 9.3l-6.2-6.3-6.2 6.3c-.2.2-.3.4-.3.7s.1.5.3.7c.2.2.4.3.7.3h11c.3 0 .5-.1.7-.3.2-.2.3-.5.3-.7s-.1-.5-.3-.7zM5.8 14.7l6.2 6.3 6.2-6.3c.2-.2.3-.5.3-.7s-.1-.5-.3-.7c-.2-.2-.4-.3-.7-.3h-11c-.3 0-.5.1-.7.3-.2.2-.3.5-.3.7s.1.5.3.7z\"\/><\/svg><\/span><\/span><\/span><\/a><\/span><\/div>\n<nav><ul class='ez-toc-list ez-toc-list-level-1 ' ><li class='ez-toc-page-1 ez-toc-heading-level-2'><a class=\"ez-toc-link ez-toc-heading-1\" href=\"https:\/\/www.teknevia.com\/blog\/kuleli-plaji\/#Kuleli_Koyu_Plaji_Ozellikleri\" title=\"Kuleli Koyu Plaj\u0131 \u00d6zellikleri\">Kuleli Koyu Plaj\u0131 \u00d6zellikleri<\/a><\/li><li class='ez-toc-page-1 ez-toc-heading-level-2'><a class=\"ez-toc-link ez-toc-heading-2\" href=\"https:\/\/www.teknevia.com\/blog\/kuleli-plaji\/#Kuleli_Koyu_Plaji_Giris_Ucreti\" title=\"Kuleli Koyu Plaj\u0131 Giri\u015f \u00dccreti\">Kuleli Koyu Plaj\u0131 Giri\u015f \u00dccreti<\/a><\/li><li class='ez-toc-page-1 ez-toc-heading-level-2'><a class=\"ez-toc-link ez-toc-heading-3\" href=\"https:\/\/www.teknevia.com\/blog\/kuleli-plaji\/#Kuleli_Koyu_Nerede_ve_Nasil_Gidilir\" title=\"Kuleli Koyu Nerede ve Nas\u0131l Gidilir?\">Kuleli Koyu Nerede ve Nas\u0131l Gidilir?<\/a><\/li><li class='ez-toc-page-1 ez-toc-heading-level-2'><a class=\"ez-toc-link ez-toc-heading-4\" href=\"https:\/\/www.teknevia.com\/blog\/kuleli-plaji\/#Mugla_Kadinlar_Plaji_Var_Mi\" title=\"Mu\u011fla Kad\u0131nlar Plaj\u0131 Var M\u0131?\">Mu\u011fla Kad\u0131nlar Plaj\u0131 Var M\u0131?<\/a><\/li><li class='ez-toc-page-1 ez-toc-heading-level-2'><a class=\"ez-toc-link ez-toc-heading-5\" href=\"https:\/\/www.teknevia.com\/blog\/kuleli-plaji\/#Fethiye_Merkez_ve_Kuleli_Koyu_Kac_Km\" title=\"Fethiye Merkez ve Kuleli Koyu Ka\u00e7 Km?\">Fethiye Merkez ve Kuleli Koyu Ka\u00e7 Km?<\/a><\/li><\/ul><\/nav><\/div>\n\r\n\r\n\r\n\r\n<h2 class=\"wp-block-heading\"><span class=\"ez-toc-section\" id=\"Kuleli_Koyu_Plaji_Ozellikleri\"><\/span><strong>Kuleli Koyu Plaj\u0131 \u00d6zellikleri<\/strong><span class=\"ez-toc-section-end\"><\/span><\/h2>\r\n\r\n\r\n\r\n<p>Kuleli Koyu mavi ile ye\u015filin bulu\u015ftu\u011fu e\u015fsiz bir g\u00fczelli\u011fe sahiptir. Bir tarafta g\u00fczelli\u011fi ve tertemiz denizi di\u011fer tarafta ise ye\u015filin birbirinden g\u00fczel tonlar\u0131n\u0131 sergileyen ormana sahiptir. Kuleli Koyu, tatil severlere \u00e7ok sessiz bir ortam olmas\u0131ndan dolay\u0131 huzur ve rahatlama hissini verir. Koyun en b\u00fcy\u00fck \u00f6zelli\u011fi do\u011fa ile i\u00e7 i\u00e7e sessiz, sakin ve huzur verici bir ortam olmas\u0131d\u0131r.<\/p>\r\n\r\n\r\n\r\n<p>Kuleli Koyu Plaj\u0131 ise \u00e7ak\u0131l ta\u015flar\u0131ndan olu\u015fsa da genel olarak \u00e7o\u011fu k\u0131sm\u0131 kumsald\u0131r. Denizin taban\u0131 da hemen hemen ayn\u0131 \u00f6zelliklere sahiptir. Ayr\u0131ca denizi genelde dalgas\u0131z, sakin, temiz ve berrakt\u0131r. Denizin derinli\u011fi bir anda derinle\u015fmedi\u011fi i\u00e7in \u00e7ok iyi y\u00fczme bilmeyenler ve \u00e7ocuklu aileler i\u00e7in de olduk\u00e7a ideal bir plajd\u0131r. Plaj\u0131n i\u00e7inde \u00f6zel bir i\u015fletme de vard\u0131r. Bu i\u015fletmeden \u015femsiye ve \u015fezlong kiralan\u0131labilece\u011fi gibi i\u015fletmeye ait \u00e7ad\u0131r ve \u00e7ardaklar da kiralanabilir. Ayr\u0131ca i\u015fletmenin i\u00e7inde yiyecek ve i\u00e7ecek ihtiya\u00e7lar\u0131 da giderilebilir.<\/p>\r\n\r\n\r\n\r\n<p>Kuleli Koyu 2018 y\u0131l\u0131 itibari ile belediye taraf\u0131ndan kapat\u0131lm\u0131\u015ft\u0131r. Aradan 2 y\u0131l ge\u00e7tikten sonra ihaleye \u00e7\u0131kan b\u00f6lge, bas\u0131nda \u2018tesett\u00fcr plaj\u0131\u2019 ba\u015fl\u0131\u011f\u0131 ile tekrar g\u00fcndeme gelmi\u015ftir. Bas\u0131nda \u00e7\u0131kan haberlere g\u00f6re ise plaj\u0131n bir b\u00f6l\u00fcm\u00fc kad\u0131nlar\u0131n denize girmesi i\u00e7in brandalarla kapat\u0131lm\u0131\u015ft\u0131r.<\/p>\r\n<figure id=\"attachment_670\" aria-describedby=\"caption-attachment-670\" style=\"width: 767px\" class=\"wp-caption aligncenter\"><img decoding=\"async\" class=\"size-full wp-image-670\" src=\"https:\/\/www.teknevia.com\/blog\/wp-content\/uploads\/2024\/06\/kuleli-plaji-denizi.jpg\" alt=\"Kuleli Plaj\u0131 Denizi\" width=\"767\" height=\"510\" srcset=\"https:\/\/www.teknevia.com\/blog\/wp-content\/uploads\/2024\/06\/kuleli-plaji-denizi.jpg 767w, https:\/\/www.teknevia.com\/blog\/wp-content\/uploads\/2024\/06\/kuleli-plaji-denizi-300x199.jpg 300w, https:\/\/www.teknevia.com\/blog\/wp-content\/uploads\/2024\/06\/kuleli-plaji-denizi-150x100.jpg 150w, https:\/\/www.teknevia.com\/blog\/wp-content\/uploads\/2024\/06\/kuleli-plaji-denizi-696x463.jpg 696w\" sizes=\"(max-width: 767px) 100vw, 767px\" \/><figcaption id=\"caption-attachment-670\" class=\"wp-caption-text\">Kuleli Plaj\u0131 Denizi<\/figcaption><\/figure>\r\n\r\n\r\n\r\n<h2 class=\"wp-block-heading\"><span class=\"ez-toc-section\" id=\"Kuleli_Koyu_Plaji_Giris_Ucreti\"><\/span><strong>Kuleli Koyu Plaj\u0131 Giri\u015f \u00dccreti<\/strong><span class=\"ez-toc-section-end\"><\/span><\/h2>\r\n\r\n\r\n\r\n<p>Kuleli Koyu\u2019na eskiden giri\u015f \u00fccretsiz olmas\u0131na ra\u011fmen ara\u00e7 ile gelecek olanlar i\u00e7in 40 tl otopark \u00fccreti \u00f6demeleri gerekmektedir. Buraya gelenler kendi \u015femsiyelerini ve havlular\u0131n\u0131 serip kurulabilirler. Ayr\u0131ca koy i\u00e7erisinde ayn\u0131 ad\u0131 bar\u0131nd\u0131ran Kuleli Beach de tercih edilebilir. Fiyatlar genel olarak ortalaman\u0131n \u00fczerinde ve hizmet de ideale yak\u0131nd\u0131r. \u0130\u015fletmeye girmeden \u00f6nce bir kart al\u0131nmas\u0131 gerekir ve i\u00e7ine para y\u00fcklenir. Harcad\u0131k\u00e7a tekrar y\u00fcklenmesi gerekir. G\u00fcn\u00fcn sonunda ise kart\u0131n i\u00e7inde para bulunuyorsa ak\u015fam tekrar iadesi al\u0131nabilir.<\/p>\r\n\r\n\r\n\r\n<p>2022 y\u0131l\u0131 itibari ile Kuleli Koyu\u2019na giri\u015f \u00fccreti ki\u015fi ba\u015f\u0131 50 tl\u2019dir. Kad\u0131nlar i\u00e7in ayr\u0131 bir yer de bulunmaktad\u0131r ve \u00f6zel i\u015fletme taraf\u0131ndan i\u015fletildi\u011fi i\u00e7in kad\u0131nlar\u0131n ha\u015fema ile giri\u015f yapmas\u0131 istenmektedir.<\/p>\r\n\r\n\r\n\r\n<h2 class=\"wp-block-heading\"><span class=\"ez-toc-section\" id=\"Kuleli_Koyu_Nerede_ve_Nasil_Gidilir\"><\/span><strong>Kuleli Koyu Nerede ve Nas\u0131l Gidilir?<\/strong><span class=\"ez-toc-section-end\"><\/span><\/h2>\r\n\r\n\r\n\r\n<p>Mu\u011fla ilinin Fethiye il\u00e7esinde yer alan Kuleli Koyu Plaj\u0131 Fethiye \u015fehir merkezine olduk\u00e7a yak\u0131n bir konumda bulunmaktad\u0131r. Fethiye il\u00e7e merkezine 6 kilometre uzakl\u0131kta bulunan Kuleli Koyu\u2019na ara\u00e7la, toplu ta\u015f\u0131ma ara\u00e7lar\u0131 ile ve tekne ile ula\u015f\u0131m se\u00e7enekleri bulunmaktad\u0131r. Kendi ara\u00e7lar\u0131 ile gelecek olanlar iskele yolundan Karag\u00f6zler istikametine do\u011fru ilerlemeleri gerekir. Tatil k\u00f6y\u00fcn\u00fc ge\u00e7tikten sonra yakla\u015f\u0131k olarak 3 kilometre gidilir ve sa\u011f tarafa bak\u0131ld\u0131\u011f\u0131nda Kuleli Koyu Plaj\u0131 tabelas\u0131 g\u00f6r\u00fcnmektedir. Ayr\u0131ca <a href=\"https:\/\/www.teknevia.com\">tekne kiralama<\/a> y\u00f6ntemi ile t\u00fcm Fethiye koylar\u0131na oldu\u011fu gibi Kuleli Koyu&#8217;na da gidebilirsiniz.<\/p>\r\n\r\n\r\n\r\n<p>Toplu ta\u015f\u0131ma ile gelmek isteyen ziyaret\u00e7iler i\u00e7in ise \u015fehir merkezinden kalkan dolmu\u015flar bulunmaktad\u0131r. Bu dolmu\u015flara binerek Kuleli Koyu\u2019na ula\u015fabilirler. Ki\u015fi ba\u015f\u0131 \u00fccret de 8 lirad\u0131r.<\/p>\r\n\r\n\r\n\r\n<p>Tekne ile gelmek isteyen ki\u015filer i\u00e7in de limandan kalkan tekne turlar\u0131n\u0131 tercih edebilirler. Bu teknelerin ki\u015fi ba\u015f\u0131 \u00fccreti ise 20 lirad\u0131r.<\/p>\r\n\r\n\r\n\r\n<h2 class=\"wp-block-heading\"><span class=\"ez-toc-section\" id=\"Mugla_Kadinlar_Plaji_Var_Mi\"><\/span><strong>Mu\u011fla Kad\u0131nlar Plaj\u0131 Var M\u0131?<\/strong><span class=\"ez-toc-section-end\"><\/span><\/h2>\r\n\r\n\r\n\r\n<p>Zehra Kuleli Beach; Fethiye\u2019nin en g\u00fczel koylar\u0131ndan birinde konumlanm\u0131\u015ft\u0131r. \u00c7am ormanlar\u0131n\u0131n aras\u0131nda olmas\u0131 nedeni ile etraftan g\u00f6r\u00fcnme ihtimali bulunmamaktad\u0131r. Koy tamamen kum, plaj ve s\u0131\u011f bir denizdir.\u00a0<\/p>\r\n<p>\r\n\r\n<\/p>\r\n<figure id=\"attachment_681\" aria-describedby=\"caption-attachment-681\" style=\"width: 2560px\" class=\"wp-caption aligncenter\"><img decoding=\"async\" class=\"size-full wp-image-681\" src=\"https:\/\/www.teknevia.com\/blog\/wp-content\/uploads\/2024\/06\/fethiye-kadinlar-plaji-kuleli.jpg\" alt=\"Fethiye Kad\u0131nlar Plaj\u0131 - Kuleli\" width=\"2560\" height=\"1920\" srcset=\"https:\/\/www.teknevia.com\/blog\/wp-content\/uploads\/2024\/06\/fethiye-kadinlar-plaji-kuleli.jpg 2560w, https:\/\/www.teknevia.com\/blog\/wp-content\/uploads\/2024\/06\/fethiye-kadinlar-plaji-kuleli-300x225.jpg 300w, https:\/\/www.teknevia.com\/blog\/wp-content\/uploads\/2024\/06\/fethiye-kadinlar-plaji-kuleli-1024x768.jpg 1024w, https:\/\/www.teknevia.com\/blog\/wp-content\/uploads\/2024\/06\/fethiye-kadinlar-plaji-kuleli-768x576.jpg 768w, https:\/\/www.teknevia.com\/blog\/wp-content\/uploads\/2024\/06\/fethiye-kadinlar-plaji-kuleli-1536x1152.jpg 1536w, https:\/\/www.teknevia.com\/blog\/wp-content\/uploads\/2024\/06\/fethiye-kadinlar-plaji-kuleli-2048x1536.jpg 2048w, https:\/\/www.teknevia.com\/blog\/wp-content\/uploads\/2024\/06\/fethiye-kadinlar-plaji-kuleli-150x113.jpg 150w, https:\/\/www.teknevia.com\/blog\/wp-content\/uploads\/2024\/06\/fethiye-kadinlar-plaji-kuleli-696x522.jpg 696w, https:\/\/www.teknevia.com\/blog\/wp-content\/uploads\/2024\/06\/fethiye-kadinlar-plaji-kuleli-1068x801.jpg 1068w, https:\/\/www.teknevia.com\/blog\/wp-content\/uploads\/2024\/06\/fethiye-kadinlar-plaji-kuleli-1920x1440.jpg 1920w\" sizes=\"(max-width: 2560px) 100vw, 2560px\" \/><figcaption id=\"caption-attachment-681\" class=\"wp-caption-text\">Fethiye Kad\u0131nlar Plaj\u0131 &#8211; Kuleli<\/figcaption><\/figure>\r\n<p>Zehra Grup Hotelleri Muhafazakar ve \u0130slami hassasiyete uygun helal konsept her \u015fey dahil aile oteli olarak Mu\u011fla ilinde Fethiye \u00d6l\u00fcdeniz\u2019de hizmet vermektedir. Zehra Grup Hotelleri\u2019nin b\u00fcnyesinde b\u00f6lgenin tek bayanlara \u00f6zel plaj\u0131 bulunmaktad\u0131r. Fethiye\u2019nin \u00f6nc\u00fc tesislerinden olan bu otel bay ve bayanlara ayr\u0131 y\u00fczme alan\u0131 ayr\u0131 olarak da aile y\u00fczme alan\u0131 bar\u0131nd\u0131ran bir tesistir. Ayr\u0131ca alakart restoran, mangal alan\u0131 ve \u00e7ocuk e\u011flence alan\u0131 da bulunmaktad\u0131r.\u00a0<\/p>\r\n\r\n\r\n\r\n<h2 class=\"wp-block-heading\"><span class=\"ez-toc-section\" id=\"Fethiye_Merkez_ve_Kuleli_Koyu_Kac_Km\"><\/span><strong>Fethiye Merkez ve Kuleli Koyu Ka\u00e7 Km?<\/strong><span class=\"ez-toc-section-end\"><\/span><\/h2>\r\n\r\n\r\n\r\n<p><a href=\"https:\/\/www.teknevia.com\/blog\/turkiye\/mugla\/fethiye\/\">Fethiye<\/a> il\u00e7e merkezine 6 kilometre uzakl\u0131kta bulunan Kuleli Koyu \u015fehir merkezine olduk\u00e7a yak\u0131n bir konumda yer almaktad\u0131r.<\/p>\r\n\r\n\r\n","protected":false},"excerpt":{"rendered":"<p>Mu\u011fla ilinin Fethiye il\u00e7esinde yer alan Kuleli Plaj\u0131 Fethiye Yar\u0131madas\u0131 (oyuktepe) olarak bilinen yerde bulunmaktad\u0131r. Kuleli Koyu\u2019ndaki Kuleli Plaj\u0131 Do\u011fal bakir havas\u0131, tertemiz denizinin yan\u0131 s\u0131ra alt\u0131n sar\u0131s\u0131 plaj\u0131 ile her y\u0131l pek \u00e7ok yerli ve yabanc\u0131 turistler taraf\u0131ndan ilgi g\u00f6rmektedir. Fethiye merkeze yak\u0131n bir konumda yer alan Kuleli Plaj\u0131\u2019na \u00f6zellikle do\u011fa ile i\u00e7 i\u00e7e [&hellip;]<\/p>\n","protected":false},"author":1,"featured_media":253,"comment_status":"closed","ping_status":"closed","sticky":false,"template":"","format":"standard","meta":[],"categories":[5,11],"tags":[],"_links":{"self":[{"href":"https:\/\/www.teknevia.com\/blog\/wp-json\/wp\/v2\/posts\/83"}],"collection":[{"href":"https:\/\/www.teknevia.com\/blog\/wp-json\/wp\/v2\/posts"}],"about":[{"href":"https:\/\/www.teknevia.com\/blog\/wp-json\/wp\/v2\/types\/post"}],"author":[{"embeddable":true,"href":"https:\/\/www.teknevia.com\/blog\/wp-json\/wp\/v2\/users\/1"}],"replies":[{"embeddable":true,"href":"https:\/\/www.teknevia.com\/blog\/wp-json\/wp\/v2\/comments?post=83"}],"version-history":[{"count":11,"href":"https:\/\/www.teknevia.com\/blog\/wp-json\/wp\/v2\/posts\/83\/revisions"}],"predecessor-version":[{"id":722,"href":"https:\/\/www.teknevia.com\/blog\/wp-json\/wp\/v2\/posts\/83\/revisions\/722"}],"wp:featuredmedia":[{"embeddable":true,"href":"https:\/\/www.teknevia.com\/blog\/wp-json\/wp\/v2\/media\/253"}],"wp:attachment":[{"href":"https:\/\/www.teknevia.com\/blog\/wp-json\/wp\/v2\/media?parent=83"}],"wp:term":[{"taxonomy":"category","embeddable":true,"href":"https:\/\/www.teknevia.com\/blog\/wp-json\/wp\/v2\/categories?post=83"},{"taxonomy":"post_tag","embeddable":true,"href":"https:\/\/www.teknevia.com\/blog\/wp-json\/wp\/v2\/tags?post=83"}],"curies":[{"name":"wp","href":"https:\/\/api.w.org\/{rel}","templated":true}]}}